{"id":559897,"date":"2025-11-26T12:02:33","date_gmt":"2025-11-26T12:02:33","guid":{"rendered":"https:\/\/www.europesays.com\/fr\/559897\/"},"modified":"2025-11-26T12:02:33","modified_gmt":"2025-11-26T12:02:33","slug":"production-cine-tv-soutenue-silver-star","status":"publish","type":"post","link":"https:\/\/www.europesays.com\/fr\/559897\/","title":{"rendered":"Production cin\u00e9-TV soutenue\u00a0: \u00ab\u00a0Silver Star\u00a0\u00bb"},"content":{"rendered":"<p>                  <img fetchpriority=\"high\" decoding=\"async\" loading=\"eager\" width=\"810\" height=\"1080\" src=\"https:\/\/www.europesays.com\/fr\/wp-content\/uploads\/2025\/11\/silverstar_aff.jpg.webp\" alt=\"\"\/><\/p>\n<p>                    <strong>Cr\u00e9dit photo :<\/strong><br \/>\n                    \u00a9 Les Films de la Fus\u00e9e\/Middlemen<\/p>\n<p>R\u00e9alis\u00e9 par Ruben Amar et Lola Bessis, Silver Star est un film ayant b\u00e9n\u00e9fici\u00e9 du <a href=\"https:\/\/www.iledefrance.fr\/aides-et-appels-a-projets\/fonds-de-soutien-cinema-international-aide-la-production\" data-entity-type=\"node\" data-entity-uuid=\"0010f1b0-ccff-4356-af58-864531159c28\" data-entity-substitution=\"canonical\" title=\"Fonds de soutien cin\u00e9ma international (aide \u00e0 la production)\" target=\"_blank\" rel=\"noopener\">Fonds de soutien Cin\u00e9ma international de la R\u00e9gion.<\/a><\/p>\n<p>L&rsquo;histoire : Billie, jeune Afro-Am\u00e9ricaine introvertie, gar\u00e7on manqu\u00e9, un \u0153il en moins, d\u00e9cide de braquer une banque pour aider ses parents dans le besoin. La situation tourne au fiasco et elle prend en otage Franny, 18 ans, enceinte jusqu\u2019aux dents, un caract\u00e8re bien tremp\u00e9 et plus rien \u00e0 perdre. Ensemble, elles se lancent dans une cavale \u00e9lectrique \u00e0 travers les grands espaces am\u00e9ricains, en qu\u00eate d\u2019un avenir meilleur&#8230;<\/p>\n<p>Avec Grace Van Dien, Troy Leigh-Anne Johnson, Tamara Fruits&#8230;<\/p>\n<p>Un film pr\u00e9sent\u00e9 hors comp\u00e9tition au Festival de Deauville 2024.<\/p>\n<p>Bande-annonce<\/p>\n","protected":false},"excerpt":{"rendered":"Cr\u00e9dit photo : \u00a9 Les Films de la Fus\u00e9e\/Middlemen R\u00e9alis\u00e9 par Ruben Amar et Lola Bessis, Silver Star&hellip;\n","protected":false},"author":2,"featured_media":559898,"comment_status":"","ping_status":"","sticky":false,"template":"","format":"standard","meta":{"footnotes":""},"categories":[1592],"tags":[1111,11,1777,674,1011,27,662,12,626,25],"class_list":{"0":"post-559897","1":"post","2":"type-post","3":"status-publish","4":"format-standard","5":"has-post-thumbnail","7":"category-ile-de-france","8":"tag-actu","9":"tag-actualites","10":"tag-eu","11":"tag-europe","12":"tag-fr","13":"tag-france","14":"tag-ile-de-france","15":"tag-news","16":"tag-paris","17":"tag-republique-francaise"},"share_on_mastodon":{"url":"https:\/\/pubeurope.com\/@fr\/115615901608273020","error":""},"_links":{"self":[{"href":"https:\/\/www.europesays.com\/fr\/wp-json\/wp\/v2\/posts\/559897","targetHints":{"allow":["GET"]}}],"collection":[{"href":"https:\/\/www.europesays.com\/fr\/wp-json\/wp\/v2\/posts"}],"about":[{"href":"https:\/\/www.europesays.com\/fr\/wp-json\/wp\/v2\/types\/post"}],"author":[{"embeddable":true,"href":"https:\/\/www.europesays.com\/fr\/wp-json\/wp\/v2\/users\/2"}],"replies":[{"embeddable":true,"href":"https:\/\/www.europesays.com\/fr\/wp-json\/wp\/v2\/comments?post=559897"}],"version-history":[{"count":0,"href":"https:\/\/www.europesays.com\/fr\/wp-json\/wp\/v2\/posts\/559897\/revisions"}],"wp:featuredmedia":[{"embeddable":true,"href":"https:\/\/www.europesays.com\/fr\/wp-json\/wp\/v2\/media\/559898"}],"wp:attachment":[{"href":"https:\/\/www.europesays.com\/fr\/wp-json\/wp\/v2\/media?parent=559897"}],"wp:term":[{"taxonomy":"category","embeddable":true,"href":"https:\/\/www.europesays.com\/fr\/wp-json\/wp\/v2\/categories?post=559897"},{"taxonomy":"post_tag","embeddable":true,"href":"https:\/\/www.europesays.com\/fr\/wp-json\/wp\/v2\/tags?post=559897"}],"curies":[{"name":"wp","href":"https:\/\/api.w.org\/{rel}","templated":true}]}}