{"id":559899,"date":"2025-11-26T12:03:08","date_gmt":"2025-11-26T12:03:08","guid":{"rendered":"https:\/\/www.europesays.com\/fr\/559899\/"},"modified":"2025-11-26T12:03:08","modified_gmt":"2025-11-26T12:03:08","slug":"pourquoi-la-facture-pourrait-baisser-pour-pres-dun-million-de-personnes","status":"publish","type":"post","link":"https:\/\/www.europesays.com\/fr\/559899\/","title":{"rendered":"pourquoi la facture pourrait baisser pour pr\u00e8s d&rsquo;un million de personnes"},"content":{"rendered":"<p>                    Par<br \/>\n        <strong><br \/>\n            <a href=\"https:\/\/actu.fr\/auteur\/redaction-paris\" title=\"Consulter tous les articles de R\u00e9daction Paris\" target=\"_blank\" rel=\"noopener\">R\u00e9daction Paris<\/a><br \/>\n                    <\/strong><\/p>\n<p>        Publi\u00e9 le<\/p>\n<p>            26 nov. 2025 \u00e0 12h46        <\/p>\n<p>Engie ne sera plus en charge de chauffer Paris. La <a href=\"https:\/\/actu.fr\/tag\/mairie-de-paris\" target=\"_blank\" rel=\"noopener\">Ville<\/a> a choisi d\u2019attribuer \u00e0 <strong>Dalkia<\/strong> la concession de son r\u00e9seau de chaleur urbain, un march\u00e9 colossal de 15 milliards d\u2019euros sur 25 ans, au d\u00e9triment du concessionnaire sortant Engie qui \u00e9tait \u00e9galement sur les rangs, a-t-elle annonc\u00e9 mardi 25 novembre 2025.<\/p>\n<p>\u00ab\u00a0Sortir du gaz fossile\u00a0\u00bb<\/p>\n<p class=\" wall-content\">Ce choix, fruit de cinq ann\u00e9es de travail, sera soumis au Conseil de Paris \u00e0 la mi-d\u00e9cembre. En jeu : le chauffage de pr\u00e8s d\u2019un <strong>million de personnes<\/strong> dans la capitale et seize communes voisines, dont la totalit\u00e9 des h\u00f4pitaux parisiens, aliment\u00e9es par un r\u00e9seau enterr\u00e9 de plus de 500 kilom\u00e8tres.<\/p>\n<p class=\" wall-content\">L\u2019offre de Dalkia, filiale d\u2019EDF, a \u00e9t\u00e9 jug\u00e9e meilleure que celle d\u2019Engie, d\u00e9l\u00e9gataire depuis pr\u00e8s d\u2019un si\u00e8cle, au regard du <strong>\u00ab\u00a0verdissement massif\u00a0\u00bb<\/strong> du mix \u00e9nerg\u00e9tique du r\u00e9seau chaleur qu\u2019elle propose, \u00ab\u00a0qui va nous permettre de sortir du gaz fossile\u00a0\u00bb, a expliqu\u00e9 lors d\u2019une conf\u00e9rence de presse Dan Lert, adjoint \u00e0 la maire PS Anne Hidalgo charg\u00e9 de la transition \u00e9cologique et de l\u2019\u00e9nergie.<\/p>\n<p>\u00ab\u00a0Faire baisser les prix en 2027\u00a0\u00bb<\/p>\n<p class=\" wall-content\">Quelque 3,4 milliards d\u2019euros seront investis sur 25 ans afin que la chaleur du r\u00e9seau soit produite par <strong>76 % d\u2019\u00e9nergies renouvelables<\/strong>, au lieu des 50 % actuelles (incin\u00e9ration de d\u00e9chets, combustion de biomasse, g\u00e9othermie\u2026).<\/p>\n<p class=\" wall-content\">L\u2019\u00e9quivalent de<strong> 200 000 logements<\/strong> suppl\u00e9mentaires pourront \u00ab\u00a0abandonner leur chaudi\u00e8re au gaz ou au fioul\u00a0\u00bb, a pr\u00e9cis\u00e9 Dan Lert. L\u2019\u00e9lu \u00e9cologiste a aussi fait valoir les \u00ab\u00a0excellentes garanties sur la ma\u00eetrise des tarifs\u00a0\u00bb, qui devraient permettre la \u00ab\u00a0stabilit\u00e9 des factures d\u2019\u00e9nergie des Parisiens\u00a0\u00bb.<\/p>\n<p class=\" wall-content\">\u00ab\u00a0Nous serons en mesure de faire baisser les prix en 2027, d\u00e8s le d\u00e9but de la concession, pour 69 % des usagers. Cette <strong>baisse<\/strong> sera particuli\u00e8rement marqu\u00e9e pour les logements et nous serons en mesure de les ma\u00eetriser durant les 25 ann\u00e9es de la concession\u00a0\u00bb, a assur\u00e9 Dan Lert.<\/p>\n<p class=\" wall-content\">Ce r\u00e9seau de chaleur centenaire \u2013 <strong>le plus important de France<\/strong> et l\u2019un des plus gros au monde \u2013 est actuellement exploit\u00e9 par une soci\u00e9t\u00e9 d\u2019\u00e9conomie mixte, la CPCU, d\u00e9tenue par Engie \u00e0 66,5 % et la ville de Paris \u00e0 33,5 %. Cette concession prendra fin au 31 d\u00e9cembre 2026.<\/p>\n<p>Votre r\u00e9gion, votre actu !<\/p>\n<p>Recevez chaque jour les infos qui comptent pour vous.<\/p>\n<p>\t<a href=\"https:\/\/actu.fr\/newsletter\" class=\"ac-btn ac-btn--corner ac-btn--medium ac-btn--blue800\" target=\"_blank\" rel=\"noopener\">S&rsquo;incrire<\/a><\/p>\n<p class=\" wall-content\">\u00ab\u00a0Ce n\u2019est \u00e9videmment pas l\u2019issue que nous attendions au regard de la qualit\u00e9 et de l\u2019ambition de l\u2019offre qui a \u00e9t\u00e9 d\u00e9fendue par les \u00e9quipes d\u2019Engie\u00a0\u00bb, a r\u00e9agi dans un communiqu\u00e9 l\u2019\u00e9nerg\u00e9ticien. Le groupe sera d\u00e9dommag\u00e9 \u00e0 hauteur de 3 millions d\u2019euros pour les frais d\u2019offre, a pr\u00e9cis\u00e9 la mairie.<\/p>\n<p>Critiques de l\u2019opposition<\/p>\n<p class=\" wall-content\">Le nouveau contrat permettra \u00e0 la ville de devenir propri\u00e9taire des douze centrales de production de chaleur via la cr\u00e9ation d\u2019une nouvelle <strong>soci\u00e9t\u00e9 d\u2019\u00e9conomie mixte<\/strong>, d\u00e9tenue \u00e0 49 % par des acteurs publics (la ville et Caisse des d\u00e9p\u00f4ts) et \u00e0 51 % par Dalkia.<\/p>\n<p class=\" wall-content\">Le choix a soulev\u00e9 les critiques de l\u2019opposition. Le co-pr\u00e9sident du groupe de Rachida Dati, David Alphand, a d\u00e9nonc\u00e9 une <strong>\u00ab\u00a0attribution pr\u00e9cipit\u00e9e\u00a0\u00bb<\/strong> \u00e0 quatre mois des \u00e9lections municipales, taclant \u00ab\u00a0l\u2019ultime coup de Jarnac\u00a0\u00bb de la municipalit\u00e9 socialiste sortante.<\/p>\n<p class=\" wall-content\">\u00ab\u00a0Annoncer l\u2019attribution du r\u00e9seau de chaleur \u00e0 quatre mois des municipales, c\u2019est <strong>confisquer aux Parisiens un choix<\/strong> d\u00e9mocratique qui aurait d\u00fb \u00eatre tranch\u00e9 par la future \u00e9quipe \u00e9lue\u00a0\u00bb, a regrett\u00e9 pour sa part Pierre-Yves Bournazel, candidat Horizons \u00e0 la mairie de Paris.<\/p>\n<p class=\" wall-content\">Avec AFP.<\/p>\n<p class=\" wall-content\">Personnalisez votre actualit\u00e9 en ajoutant vos villes et m\u00e9dias en favori avec <a href=\"https:\/\/moncompte.actu.fr\" title=\"D\u00e9couvez Mon Actu\" rel=\"nofollow noopener\" data-trk=\"{&quot;cta&quot;:{&quot;action&quot;:&quot;https:\\\/\\\/moncompte.actu.fr&quot;,&quot;category&quot;:&quot;mon compte&quot;,&quot;from&quot;:&quot;article footer&quot;,&quot;name&quot;:&quot;Mon actu&quot;,&quot;type&quot;:&quot;cta&quot;}}\" target=\"_blank\">Mon Actu<\/a>.<\/p>\n","protected":false},"excerpt":{"rendered":"Par R\u00e9daction Paris Publi\u00e9 le 26 nov. 2025 \u00e0 12h46 Engie ne sera plus en charge de chauffer&hellip;\n","protected":false},"author":2,"featured_media":559900,"comment_status":"","ping_status":"","sticky":false,"template":"","format":"standard","meta":{"footnotes":""},"categories":[1888],"tags":[1111,1928,11,1927,1777,674,1011,27,843,2381,12,1926,626,1925,25,104],"class_list":{"0":"post-559899","1":"post","2":"type-post","3":"status-publish","4":"format-standard","5":"has-post-thumbnail","7":"category-paris","8":"tag-actu","9":"tag-actu-paris","10":"tag-actualites","11":"tag-actualites-paris","12":"tag-eu","13":"tag-europe","14":"tag-fr","15":"tag-france","16":"tag-gaz","17":"tag-mairie-de-paris","18":"tag-news","19":"tag-news-paris","20":"tag-paris","21":"tag-paris-news","22":"tag-republique-francaise","23":"tag-societe"},"share_on_mastodon":{"url":"https:\/\/pubeurope.com\/@fr\/115615904923374288","error":""},"_links":{"self":[{"href":"https:\/\/www.europesays.com\/fr\/wp-json\/wp\/v2\/posts\/559899","targetHints":{"allow":["GET"]}}],"collection":[{"href":"https:\/\/www.europesays.com\/fr\/wp-json\/wp\/v2\/posts"}],"about":[{"href":"https:\/\/www.europesays.com\/fr\/wp-json\/wp\/v2\/types\/post"}],"author":[{"embeddable":true,"href":"https:\/\/www.europesays.com\/fr\/wp-json\/wp\/v2\/users\/2"}],"replies":[{"embeddable":true,"href":"https:\/\/www.europesays.com\/fr\/wp-json\/wp\/v2\/comments?post=559899"}],"version-history":[{"count":0,"href":"https:\/\/www.europesays.com\/fr\/wp-json\/wp\/v2\/posts\/559899\/revisions"}],"wp:featuredmedia":[{"embeddable":true,"href":"https:\/\/www.europesays.com\/fr\/wp-json\/wp\/v2\/media\/559900"}],"wp:attachment":[{"href":"https:\/\/www.europesays.com\/fr\/wp-json\/wp\/v2\/media?parent=559899"}],"wp:term":[{"taxonomy":"category","embeddable":true,"href":"https:\/\/www.europesays.com\/fr\/wp-json\/wp\/v2\/categories?post=559899"},{"taxonomy":"post_tag","embeddable":true,"href":"https:\/\/www.europesays.com\/fr\/wp-json\/wp\/v2\/tags?post=559899"}],"curies":[{"name":"wp","href":"https:\/\/api.w.org\/{rel}","templated":true}]}}