{"id":559917,"date":"2025-11-26T12:13:18","date_gmt":"2025-11-26T12:13:18","guid":{"rendered":"https:\/\/www.europesays.com\/fr\/559917\/"},"modified":"2025-11-26T12:13:18","modified_gmt":"2025-11-26T12:13:18","slug":"cop30-entre-tensions-geopolitiques-et-compromis-climatiques","status":"publish","type":"post","link":"https:\/\/www.europesays.com\/fr\/559917\/","title":{"rendered":"COP30 : entre tensions g\u00e9opolitiques et compromis climatiques"},"content":{"rendered":"<p>\u00c0 Bel\u00e9m, la COP30 s\u2019est conclue sur un accord \u00e0 minima, r\u00e9v\u00e9lant les profondes fractures g\u00e9opolitiques qui freinent encore l\u2019action climatique mondiale.<\/p>\n<p>Contexte<\/p>\n<p>La <strong>30\u1d49 Conf\u00e9rence des Nations unies sur les changements climatiques<\/strong> (COP30), organis\u00e9e du 10 au 22 novembre 2025 \u00e0 Bel\u00e9m, tombait au moment symbolique du <strong data-start=\"369\" data-end=\"414\">dixi\u00e8me anniversaire de l\u2019Accord de Paris, <\/strong>un anniversaire qui, loin de susciter la c\u00e9l\u00e9bration, rappelait surtout le d\u00e9calage persistant entre les engagements proclam\u00e9s et la r\u00e9alit\u00e9 des \u00e9missions mondiales. Sous pr\u00e9sidence br\u00e9silienne, la COP30 devait permettre de donner un nouvel \u00e9lan \u00e0 la mise en \u0153uvre de l\u2019Accord de Paris, en particulier sur l\u2019adaptation, le financement climatique et la trajectoire mondiale des \u00e9missions.<\/p>\n<p>Cette COP s\u2019ouvrait dans un <strong>climat particuli\u00e8rement tendu<\/strong> : multiplication des catastrophes extr\u00eames, mont\u00e9e des rivalit\u00e9s g\u00e9opolitiques, blocage r\u00e9current entre pays producteurs de combustibles fossiles et pays vuln\u00e9rables, et affaiblissement d\u2019un multilat\u00e9ralisme d\u00e9j\u00e0 fragilis\u00e9 lors des pr\u00e9c\u00e9dentes sessions.<\/p>\n<p>Pour la premi\u00e8re fois, l\u2019architecture m\u00eame de la gouvernance climatique semblait publiquement remise en question, min\u00e9e par l<strong>\u2019incapacit\u00e9 des \u00c9tats \u00e0 converger<\/strong> vers des actions compatibles avec les exigences scientifiques.<\/p>\n<p>L\u2019Union europ\u00e9enne, traditionnellement pr\u00e9sent\u00e9e comme un moteur d\u2019ambition, arrivait elle-m\u00eame dans un moment d\u00e9licat : <strong>contest\u00e9e en interne<\/strong>, peinant \u00e0 entra\u00eener une coalition solide autour de ses positions.<\/p>\n<p>Dans ce contexte lourd, la COP30 \u00e9tait per\u00e7ue comme un test crucial : soit elle permettait un sursaut politique \u00e0 la hauteur des dix ans de Paris, soit elle r\u00e9v\u00e9lait l\u2019essoufflement d\u2019un processus multilat\u00e9ral en perte de cr\u00e9dibilit\u00e9.<\/p>\n<p>R\u00e9sultats globaux de la COP30 : un accord minimal face \u00e0 l\u2019urgence climatique<\/p>\n<p data-start=\"536\" data-end=\"1077\">La COP30 s\u2019est achev\u00e9e le 22 novembre 2025 avec un accord final qui, malgr\u00e9 quelques avanc\u00e9es, laisse un <strong data-start=\"641\" data-end=\"704\">sentiment d\u2019insuffisance totale face \u00e0 l\u2019urgence climatique<\/strong>. Le texte adopt\u00e9 ne contient <strong data-start=\"734\" data-end=\"792\">aucune r\u00e9f\u00e9rence \u00e0 la sortie des combustibles fossiles<\/strong>, ce qui constitue un recul majeur compar\u00e9 aux attentes de nombreux pays et aux exigences scientifiques. Les experts soulignent que cette absence rend l\u2019accord <strong data-start=\"952\" data-end=\"976\">largement symbolique<\/strong>, sans garantie de r\u00e9duction r\u00e9elle des \u00e9missions de CO\u2082, principale cause du r\u00e9chauffement global.<\/p>\n<p data-start=\"1079\" data-end=\"1522\">Parmi les rares points positifs, la COP30 a confirm\u00e9 le <strong data-start=\"1135\" data-end=\"1170\">volet financier de l\u2019adaptation<\/strong>, avec un objectif collectif quantifi\u00e9 visant \u00e0 tripler les financements d\u2019ici 2035. Des initiatives telles que la <strong data-start=\"1285\" data-end=\"1309\">Mission Bel\u00e9m 1,5\u202f\u00b0C<\/strong>, l\u2019<strong data-start=\"1313\" data-end=\"1354\">Acc\u00e9l\u00e9rateur mondial de mise en \u0153uvre<\/strong> et une initiative plurilat\u00e9rale sur la transition hors des combustibles fossiles ont \u00e9t\u00e9 lanc\u00e9es, mais elles restent largement <strong data-start=\"1482\" data-end=\"1519\">volontaires et non contraignantes<\/strong>.<\/p>\n<p>Le regard critique de l\u2019Union europ\u00e9enne<\/p>\n<p data-start=\"1574\" data-end=\"1971\">Pour l\u2019UE, les r\u00e9sultats de la COP30 sont d\u00e9cevants. La pr\u00e9sidente de la d\u00e9l\u00e9gation du Parlement europ\u00e9en, L\u00eddia Pereira (PPE, PT), a soulign\u00e9 que malgr\u00e9 les efforts europ\u00e9ens pour maintenir une ambition forte et promouvoir la sortie des combustibles fossiles, le front uni des BRICS et des \u00c9tats arabes, combin\u00e9 \u00e0 une pr\u00e9sidence br\u00e9silienne peu ambitieuse, a bloqu\u00e9 toute avanc\u00e9e contraignante.<\/p>\n<p data-start=\"1973\" data-end=\"2374\">Le vice-pr\u00e9sident Mohammed Chahim (S&amp;D, NL) a insist\u00e9 sur le fait que l\u2019accord repr\u00e9sente <strong data-start=\"2063\" data-end=\"2084\">une base minimale<\/strong>, mais que le rythme global d\u2019action est largement insuffisant pour respecter l\u2019objectif de limitation du r\u00e9chauffement \u00e0 1,5\u202f\u00b0C. L\u2019UE se retrouve isol\u00e9e, et la priorit\u00e9 imm\u00e9diate est de <strong data-start=\"2271\" data-end=\"2317\">renforcer les coalitions de pays ambitieux<\/strong> afin d\u2019\u00e9viter de nouveaux \u00e9checs lors des COP futures.<\/p>\n<p>Avanc\u00e9es mais limites persistantes<\/p>\n<p data-start=\"3003\" data-end=\"3339\">Malgr\u00e9 l\u2019adoption de certains m\u00e9canismes nouveaux, les mesures restent <strong data-start=\"3074\" data-end=\"3106\">symboliques et insuffisantes<\/strong>. Les financements pour l\u2019adaptation risquent d\u2019arriver trop tard pour les pays les plus vuln\u00e9rables, et l\u2019absence de toute mention des \u00e9nergies fossiles signifie que <strong data-start=\"3273\" data-end=\"3336\">la principale source du changement climatique reste intacte<\/strong>.<\/p>\n<p data-start=\"3341\" data-end=\"3383\">L\u2019UE obtient n\u00e9anmoins quelques succ\u00e8s :<\/p>\n<ul data-start=\"3384\" data-end=\"3796\">\n<li data-start=\"3384\" data-end=\"3454\">\n<p data-start=\"3386\" data-end=\"3454\">Maintien d\u2019un <strong data-start=\"3400\" data-end=\"3450\">objectif financier ambitieux pour l\u2019adaptation<\/strong> ;<\/p>\n<\/li>\n<li data-start=\"3455\" data-end=\"3578\">\n<p data-start=\"3457\" data-end=\"3578\">Lancement de m\u00e9canismes de <strong data-start=\"3484\" data-end=\"3504\">transition juste<\/strong> pour les populations et r\u00e9gions d\u00e9pendantes des combustibles fossiles ;<\/p>\n<\/li>\n<li data-start=\"3579\" data-end=\"3680\">\n<p data-start=\"3581\" data-end=\"3680\">Inclusion de <strong data-start=\"3594\" data-end=\"3627\">nouveaux indicateurs de suivi<\/strong> et d\u2019un volet sur le genre et la justice sociale ;<\/p>\n<\/li>\n<li data-start=\"3681\" data-end=\"3796\">\n<p data-start=\"3683\" data-end=\"3796\">Maintien de l\u2019attention sur la <strong data-start=\"3714\" data-end=\"3749\">biodiversit\u00e9 et les \u00e9cosyst\u00e8mes<\/strong>, notamment l\u2019oc\u00e9an et les for\u00eats tropicales.<\/p>\n<\/li>\n<\/ul>\n<p data-start=\"3798\" data-end=\"4006\">Cependant, ces avanc\u00e9es restent <strong data-start=\"3830\" data-end=\"3867\">fragiles et largement volontaires<\/strong>, d\u00e9pendantes de la mise en \u0153uvre r\u00e9elle par les \u00c9tats, sans garantie que l\u2019\u00e9cart entre ambition affich\u00e9e et action effective se r\u00e9duise.<\/p>\n<p>Un accord \u00e0 minima dans un contexte g\u00e9opolitique complexe<\/p>\n<p data-start=\"4075\" data-end=\"4469\">La COP30 a confirm\u00e9 la <strong data-start=\"4098\" data-end=\"4187\">fracture croissante entre pays producteurs de combustibles fossiles et pays ambitieux<\/strong>, et la difficult\u00e9 de maintenir un multilat\u00e9ralisme cr\u00e9dible. Le compromis final refl\u00e8te plus des <strong data-start=\"4285\" data-end=\"4310\">arbitrages politiques<\/strong> que des avanc\u00e9es scientifiques, et la fragilit\u00e9 d\u00e9mocratique de l\u2019accord, illustr\u00e9e par l\u2019opposition de la Colombie ignor\u00e9e, fragilise encore sa l\u00e9gitimit\u00e9.<\/p>\n<p data-start=\"4471\" data-end=\"4811\">Pour l\u2019UE, cette COP est un avertissement clair : maintenir un r\u00f4le de leader climatique n\u00e9cessitera non seulement de <strong data-start=\"4589\" data-end=\"4632\">mettre en \u0153uvre ses propres engagements<\/strong>, mais aussi de <strong data-start=\"4648\" data-end=\"4714\">soutenir activement des coalitions cr\u00e9dibles de pays ambitieux<\/strong>, sinon elle risque de rester isol\u00e9e face \u00e0 un processus multilat\u00e9ral de plus en plus affaibli.<\/p>\n<p>Pour plus d&rsquo;informations<\/p>\n<p data-start=\"4471\" data-end=\"4811\"><a href=\"https:\/\/www.europarl.europa.eu\/news\/fr\/press-room\/20251117IPR31438\/bilan-de-la-cop30-des-progres-lents-insuffisants-face-a-l-urgence-climatique\" target=\"_blank\" rel=\"noopener\">Communiqu\u00e9 de presse du Parlement europ\u00e9en<\/a><\/p>\n<p data-start=\"4471\" data-end=\"4811\"><a href=\"https:\/\/www.touteleurope.eu\/environnement\/cop30-l-ue-affronte-ses-divisions-les-etats-reunis-au-bresil-s-accordent-sur-un-texte-minimaliste\/\" target=\"_blank\" rel=\"noopener\">Article de \u00ab\u00a0Toute l&rsquo;Europe\u00a0\u00bb\u00a0<\/a><\/p>\n<p><a href=\"#\" rel=\"nofollow\" onclick=\"window.print(); return false;\" title=\"Printer Friendly, PDF &amp; Email\"><img decoding=\"async\" class=\"pf-button-img\" src=\"https:\/\/www.europesays.com\/fr\/wp-content\/uploads\/2025\/07\/print-button.png\" alt=\"Print Friendly, PDF &amp; Email\" style=\"width: 66px;height: 24px;\"\/><\/a><\/p>\n","protected":false},"excerpt":{"rendered":"\u00c0 Bel\u00e9m, la COP30 s\u2019est conclue sur un accord \u00e0 minima, r\u00e9v\u00e9lant les profondes fractures g\u00e9opolitiques qui freinent&hellip;\n","protected":false},"author":2,"featured_media":224306,"comment_status":"","ping_status":"","sticky":false,"template":"","format":"standard","meta":{"footnotes":""},"categories":[1586],"tags":[11,1777,674,1779,1011,27,12,25,1778,364],"class_list":{"0":"post-559917","1":"post","2":"type-post","3":"status-publish","4":"format-standard","5":"has-post-thumbnail","7":"category-europe","8":"tag-actualites","9":"tag-eu","10":"tag-europe","11":"tag-european-union","12":"tag-fr","13":"tag-france","14":"tag-news","15":"tag-republique-francaise","16":"tag-ue","17":"tag-union-europeenne"},"share_on_mastodon":{"url":"https:\/\/pubeurope.com\/@fr\/115615944348866632","error":""},"_links":{"self":[{"href":"https:\/\/www.europesays.com\/fr\/wp-json\/wp\/v2\/posts\/559917","targetHints":{"allow":["GET"]}}],"collection":[{"href":"https:\/\/www.europesays.com\/fr\/wp-json\/wp\/v2\/posts"}],"about":[{"href":"https:\/\/www.europesays.com\/fr\/wp-json\/wp\/v2\/types\/post"}],"author":[{"embeddable":true,"href":"https:\/\/www.europesays.com\/fr\/wp-json\/wp\/v2\/users\/2"}],"replies":[{"embeddable":true,"href":"https:\/\/www.europesays.com\/fr\/wp-json\/wp\/v2\/comments?post=559917"}],"version-history":[{"count":0,"href":"https:\/\/www.europesays.com\/fr\/wp-json\/wp\/v2\/posts\/559917\/revisions"}],"wp:featuredmedia":[{"embeddable":true,"href":"https:\/\/www.europesays.com\/fr\/wp-json\/wp\/v2\/media\/224306"}],"wp:attachment":[{"href":"https:\/\/www.europesays.com\/fr\/wp-json\/wp\/v2\/media?parent=559917"}],"wp:term":[{"taxonomy":"category","embeddable":true,"href":"https:\/\/www.europesays.com\/fr\/wp-json\/wp\/v2\/categories?post=559917"},{"taxonomy":"post_tag","embeddable":true,"href":"https:\/\/www.europesays.com\/fr\/wp-json\/wp\/v2\/tags?post=559917"}],"curies":[{"name":"wp","href":"https:\/\/api.w.org\/{rel}","templated":true}]}}