{"id":559926,"date":"2025-11-26T12:19:15","date_gmt":"2025-11-26T12:19:15","guid":{"rendered":"https:\/\/www.europesays.com\/fr\/559926\/"},"modified":"2025-11-26T12:19:15","modified_gmt":"2025-11-26T12:19:15","slug":"absent-depuis-de-longues-semaines-un-joueur-pourrait-lancer-sa-saison-ce-week-enda","status":"publish","type":"post","link":"https:\/\/www.europesays.com\/fr\/559926\/","title":{"rendered":"absent depuis de longues semaines, un joueur pourrait lancer sa saison ce week-enda"},"content":{"rendered":"<p>Le Stade Toulousain doit jongler avec une infirmerie bien remplie. Dans le sillage de la derni\u00e8re saison, <a href=\"https:\/\/www.quinzemondial.com\/top-14\/top-14-ce-que-le-stade-toulousain-reproche-a-la-lnr-dans-laffaire-jaminet-le-club-se-sent-lese-820780\" target=\"_blank\" rel=\"noopener\">le champion en titre<\/a> a attaqu\u00e9 la nouvelle \u00e9dition du Top 14 sans plusieurs de ses hommes forts. On pense \u00e9videmment \u00e0 Antoine Dupont et Peato Mauvaka, tous deux victimes d\u2019une rupture du ligament crois\u00e9 du genou et dont les retours approches. D\u2019autres p\u00e9pins plus anodins sont venus amoindrir les options dont dispose Ugo Mola.<\/p>\n<p>Ep\u00e9e postule pour le Racing<\/p>\n<p>Fran\u00e7ois Cros, <a href=\"https:\/\/www.quinzemondial.com\/top-14\/stade-toulousain-le-club-est-fixe-apres-la-blessure-de-willis-son-forfait-deja-acte-820754\" target=\"_blank\" rel=\"noopener\">d\u00e9sormais Jack Willi<\/a>s et <a href=\"https:\/\/www.quinzemondial.com\/actualites\/stade-toulousain-le-verdict-tombe-pour-mallia-apres-sa-blessure-enorme-inquietude-au-club-820714\" target=\"_blank\" rel=\"noopener\">Juan Cruz Mallia<\/a>, les grands noms ne manquent pas \u00e0 l\u2019infirmerie. N\u00e9anmoins, le Stade Toulousain pourra compter sur un retour pr\u00e9cieux ce samedi pour la r\u00e9ception du Racing 92. Touch\u00e9 \u00e0 la cheville depuis le d\u00e9but de la saison, Nelson Ep\u00e9e s\u2019est<a href=\"https:\/\/www.quinzemondial.com\/top-14\/19336-820766\" target=\"_blank\" rel=\"noopener\"> entra\u00een\u00e9 normalement<\/a> et postule.<\/p>\n<p>Le champion olympique \u00e0 7 pourra apporter toute sa vitesse et son explosivit\u00e9 sur les ailes. Il devrait avoir un r\u00f4le \u00e0 jouer dans les semaines \u00e0 venir et encore plus lors du prochain Six Nations. Avec les absences attendues de Ramos, Kinghorn, Capuozzo, Barassi ou Gourgues, il pourrait \u00eatre pr\u00e9cieux.<\/p>\n<p>Partagez cette info avec vos amis et vos proches en cliquant ici<br \/>Pour r\u00e9sumer<\/p>\n<p>Absent depuis le d\u00e9but de la saison, un joueur toulousain est de retour \u00e0 l\u2019entra\u00eenement et pourrait disputer ses premi\u00e8res minutes lors de la r\u00e9ception du Racing, ce samedi soir \u00e0 Ernest-Wallon. Nelson Ep\u00e9e est disponible.<\/p>\n<p> <img decoding=\"async\" width=\"76\" height=\"76\" loading=\"lazy\" src=\"https:\/\/www.europesays.com\/fr\/wp-content\/uploads\/2025\/04\/avatar-quinze.png\" alt=\"Arnaud D\u00e9chelotte\"\/><\/p>\n","protected":false},"excerpt":{"rendered":"Le Stade Toulousain doit jongler avec une infirmerie bien remplie. Dans le sillage de la derni\u00e8re saison, le&hellip;\n","protected":false},"author":2,"featured_media":559927,"comment_status":"","ping_status":"","sticky":false,"template":"","format":"standard","meta":{"footnotes":""},"categories":[1416],"tags":[1011,27,479,1468,60,476,478],"class_list":{"0":"post-559926","1":"post","2":"type-post","3":"status-publish","4":"format-standard","5":"has-post-thumbnail","7":"category-rugby","8":"tag-fr","9":"tag-france","10":"tag-rugby","11":"tag-rugby-football","12":"tag-sports","13":"tag-stade-toulousain","14":"tag-top-14"},"share_on_mastodon":{"url":"https:\/\/pubeurope.com\/@fr\/115615968494094573","error":""},"_links":{"self":[{"href":"https:\/\/www.europesays.com\/fr\/wp-json\/wp\/v2\/posts\/559926","targetHints":{"allow":["GET"]}}],"collection":[{"href":"https:\/\/www.europesays.com\/fr\/wp-json\/wp\/v2\/posts"}],"about":[{"href":"https:\/\/www.europesays.com\/fr\/wp-json\/wp\/v2\/types\/post"}],"author":[{"embeddable":true,"href":"https:\/\/www.europesays.com\/fr\/wp-json\/wp\/v2\/users\/2"}],"replies":[{"embeddable":true,"href":"https:\/\/www.europesays.com\/fr\/wp-json\/wp\/v2\/comments?post=559926"}],"version-history":[{"count":0,"href":"https:\/\/www.europesays.com\/fr\/wp-json\/wp\/v2\/posts\/559926\/revisions"}],"wp:featuredmedia":[{"embeddable":true,"href":"https:\/\/www.europesays.com\/fr\/wp-json\/wp\/v2\/media\/559927"}],"wp:attachment":[{"href":"https:\/\/www.europesays.com\/fr\/wp-json\/wp\/v2\/media?parent=559926"}],"wp:term":[{"taxonomy":"category","embeddable":true,"href":"https:\/\/www.europesays.com\/fr\/wp-json\/wp\/v2\/categories?post=559926"},{"taxonomy":"post_tag","embeddable":true,"href":"https:\/\/www.europesays.com\/fr\/wp-json\/wp\/v2\/tags?post=559926"}],"curies":[{"name":"wp","href":"https:\/\/api.w.org\/{rel}","templated":true}]}}