{"id":559928,"date":"2025-11-26T12:20:17","date_gmt":"2025-11-26T12:20:17","guid":{"rendered":"https:\/\/www.europesays.com\/fr\/559928\/"},"modified":"2025-11-26T12:20:17","modified_gmt":"2025-11-26T12:20:17","slug":"insolite-scene-de-menages-chez-les-monfils-svitolina-est-arrivee-a-dompter-gael","status":"publish","type":"post","link":"https:\/\/www.europesays.com\/fr\/559928\/","title":{"rendered":"Insolite > Sc\u00e8ne de m\u00e9nages chez les Monfils, Svitolina est arriv\u00e9e \u00e0 dompter Ga\u00ebl !"},"content":{"rendered":"<p>Si Ga\u00ebl va vivre en 2026 sa derni\u00e8re ann\u00e9e de comp\u00e9\u00adti\u00adtion, il commence d\u00e9j\u00e0 \u00e0 pr\u00e9parer sa nouvelle vie, celle d\u2019un papa bien pr\u00e9sent et qui est capable aussi de bien g\u00e9rer sa maison.<\/p>\n<blockquote class=\"twitter-tweet\">\n<p lang=\"en\" dir=\"ltr\">Gael and Elina are hila\u00adrious\u202f! \ud83d\ude02\ud83d\ude02 <a href=\"https:\/\/t.co\/oYxCbdsCbU\" data-wpel-link=\"external\" target=\"_blank\" rel=\"nofollow external noopener\">pic.twitter.com\/oYxCbdsCbU<\/a><\/p>\n<p>\u2014 LaWanda (@lawanda50) <a href=\"https:\/\/twitter.com\/lawanda50\/status\/1993526649607078199?ref_src=twsrc%5Etfw\" data-wpel-link=\"external\" target=\"_blank\" rel=\"nofollow external noopener\">November 26,\u00a02025<\/a><\/p><\/blockquote>\n<p>Dans cette vid\u00e9o hila\u00adrante, on comprend qu\u2019Elina a su le dresser pour qu\u2019il puisse faire quelques taches m\u00e9na\u00adg\u00e8res pendant qu\u2019elle se relaxe tran\u00adquille. Voila un bel exemple de couple moderne m\u00eame s\u2019il parait \u00e9vident qu\u2019ils ont aussi du personnel de maison.<\/p>\n<p class=\"post-published-date\" style=\"color: silver; font-size: 75%; text-align: left;\">Publi\u00e9 le mercredi 26 novembre 2025 \u00e0 11:56<\/p>\n<p><script async src=\"https:\/\/platform.twitter.com\/widgets.js\" charset=\"utf-8\"><\/script><\/p>\n","protected":false},"excerpt":{"rendered":"Si Ga\u00ebl va vivre en 2026 sa derni\u00e8re ann\u00e9e de comp\u00e9\u00adti\u00adtion, il commence d\u00e9j\u00e0 \u00e0 pr\u00e9parer sa nouvelle&hellip;\n","protected":false},"author":2,"featured_media":559929,"comment_status":"","ping_status":"","sticky":false,"template":"","format":"standard","meta":{"footnotes":""},"categories":[1415],"tags":[1011,27,3770,60,12325,1467],"class_list":{"0":"post-559928","1":"post","2":"type-post","3":"status-publish","4":"format-standard","5":"has-post-thumbnail","7":"category-tennis","8":"tag-fr","9":"tag-france","10":"tag-monfils","11":"tag-sports","12":"tag-svitolina","13":"tag-tennis"},"share_on_mastodon":{"url":"https:\/\/pubeurope.com\/@fr\/115615971646217042","error":""},"_links":{"self":[{"href":"https:\/\/www.europesays.com\/fr\/wp-json\/wp\/v2\/posts\/559928","targetHints":{"allow":["GET"]}}],"collection":[{"href":"https:\/\/www.europesays.com\/fr\/wp-json\/wp\/v2\/posts"}],"about":[{"href":"https:\/\/www.europesays.com\/fr\/wp-json\/wp\/v2\/types\/post"}],"author":[{"embeddable":true,"href":"https:\/\/www.europesays.com\/fr\/wp-json\/wp\/v2\/users\/2"}],"replies":[{"embeddable":true,"href":"https:\/\/www.europesays.com\/fr\/wp-json\/wp\/v2\/comments?post=559928"}],"version-history":[{"count":0,"href":"https:\/\/www.europesays.com\/fr\/wp-json\/wp\/v2\/posts\/559928\/revisions"}],"wp:featuredmedia":[{"embeddable":true,"href":"https:\/\/www.europesays.com\/fr\/wp-json\/wp\/v2\/media\/559929"}],"wp:attachment":[{"href":"https:\/\/www.europesays.com\/fr\/wp-json\/wp\/v2\/media?parent=559928"}],"wp:term":[{"taxonomy":"category","embeddable":true,"href":"https:\/\/www.europesays.com\/fr\/wp-json\/wp\/v2\/categories?post=559928"},{"taxonomy":"post_tag","embeddable":true,"href":"https:\/\/www.europesays.com\/fr\/wp-json\/wp\/v2\/tags?post=559928"}],"curies":[{"name":"wp","href":"https:\/\/api.w.org\/{rel}","templated":true}]}}