{"id":559932,"date":"2025-11-26T12:25:18","date_gmt":"2025-11-26T12:25:18","guid":{"rendered":"https:\/\/www.europesays.com\/fr\/559932\/"},"modified":"2025-11-26T12:25:18","modified_gmt":"2025-11-26T12:25:18","slug":"le-but-devait-bien-etre-accorde-la-direction-de-larbitrage-conforte-la-decision-de-valider-le-but-du-fc-lorient-a-nantes-video","status":"publish","type":"post","link":"https:\/\/www.europesays.com\/fr\/559932\/","title":{"rendered":"\u00ab\u00a0Le but devait bien \u00eatre accord\u00e9\u00a0\u00bb\u00a0: la Direction de l\u2019arbitrage conforte la d\u00e9cision de valider le but du FC Lorient \u00e0 Nantes [Vid\u00e9o]"},"content":{"rendered":"<p>Comme apr\u00e8s chaque journ\u00e9e de championnat, <a href=\"https:\/\/www.fff.fr\/article\/15821-arbitrage-le-debrief-de-la-j13.html\" target=\"_blank\" rel=\"noopener\">la Direction de l\u2019arbitrage de la F\u00e9d\u00e9ration fran\u00e7aise de football<\/a> est revenue, ce mercredi, sur certaines d\u00e9cisions arbitrales prises au cours de la 13e journ\u00e9e de Ligue 1, le week-end dernier. Parmi elles, le but accord\u00e9 par Ruddy Buquet au FC Lorient sur la pelouse du FC Nantes (1-1), dimanche, avait fait particuli\u00e8rement d\u00e9bat.<\/p>\n<p>La position de hors-jeu de l\u2019attaquant lorientais Sambou Soumano au moment de la passe de son co\u00e9quipier <a href=\"https:\/\/www.letelegramme.fr\/sports\/football\/fc-lorient\/on-a-senti-quil-jouait-beaucoup-plus-libere-apres-des-debuts-difficiles-bamo-meite-est-de-retour-avec-le-fc-lorient-6934196.php\" target=\"_blank\" rel=\"noopener\">Bamo Me\u00eft\u00e9<\/a> \u00e9tait au c\u0153ur du d\u00e9bat. Le ballon avait finalement \u00e9t\u00e9 d\u00e9tourn\u00e9 dans son propre but par le d\u00e9fenseur nantais Chidozie Awaziem, sans que Soumano ne le joue. L\u2019arbitre avait d\u2019abord refus\u00e9 le but, avant de le valider apr\u00e8s consultation de la vid\u00e9o.<\/p>\n<p>Dans son \u00ab d\u00e9brief \u00bb, vid\u00e9o \u00e0 l\u2019appui, la Direction de l\u2019arbitrage revient d\u2019abord sur un duel intervenu au d\u00e9but de l\u2019action entre Bamo Me\u00eft\u00e9 et Matthis Abline. \u00ab Le d\u00e9but de la phase offensive, ainsi que le duel entre les deux joueurs pr\u00e8s de la ligne m\u00e9diane, ont \u00e9t\u00e9 correctement appr\u00e9ci\u00e9s par l\u2019arbitre et l\u2019arbitre vid\u00e9o, sans erreur manifeste \u00bb, est-il estim\u00e9.<\/p>\n<p>Soumano \u00ab ne prend pas une part active au jeu \u00bb<\/p>\n<p>Puis, concernant Soumano, dont la position de hors-jeu ne fait pas de doute, \u00ab l\u2019analyse montre qu\u2019il ne prend pas une part active au jeu et ne commet aucune interf\u00e9rence avec les adversaires. En effet, sa distance par rapport au d\u00e9fenseur et au gardien nantais confirme qu\u2019il ne r\u00e9pond \u00e0 aucun des crit\u00e8res suivants de la Loi 11 : il ne les emp\u00eache pas de jouer ou d\u2019\u00eatre en position de jouer le ballon en entravant clairement leur champ de vision ; il ne leur dispute pas le ballon ; il ne tente pas clairement de jouer le ballon avec une action qui pourrait influencer leur r\u00e9action ; il n\u2019effectue pas d\u2019action \u00e9vidente qui influencerait clairement leur capacit\u00e9 \u00e0 jouer le ballon \u00bb.<\/p>\n<p>\u00ab Ainsi, en application de la loi, le but devait bien \u00eatre accord\u00e9 \u00bb, conclut la Direction de l\u2019arbitrage, confortant ainsi la d\u00e9cision finale de M. Buquet.<\/p>\n","protected":false},"excerpt":{"rendered":"Comme apr\u00e8s chaque journ\u00e9e de championnat, la Direction de l\u2019arbitrage de la F\u00e9d\u00e9ration fran\u00e7aise de football est revenue,&hellip;\n","protected":false},"author":2,"featured_media":559933,"comment_status":"","ping_status":"","sticky":false,"template":"","format":"standard","meta":{"footnotes":""},"categories":[1410],"tags":[765,3166,3317,462,63,1011,27,66,1781,766,60],"class_list":{"0":"post-559932","1":"post","2":"type-post","3":"status-publish","4":"format-standard","5":"has-post-thumbnail","7":"category-football","8":"tag-en-continu","9":"tag-en-continu-sports","10":"tag-fc-lorient","11":"tag-fc-nantes","12":"tag-football","13":"tag-fr","14":"tag-france","15":"tag-ligue-1","16":"tag-lorient","17":"tag-nantes","18":"tag-sports"},"share_on_mastodon":{"url":"https:\/\/pubeurope.com\/@fr\/115615991454387737","error":""},"_links":{"self":[{"href":"https:\/\/www.europesays.com\/fr\/wp-json\/wp\/v2\/posts\/559932","targetHints":{"allow":["GET"]}}],"collection":[{"href":"https:\/\/www.europesays.com\/fr\/wp-json\/wp\/v2\/posts"}],"about":[{"href":"https:\/\/www.europesays.com\/fr\/wp-json\/wp\/v2\/types\/post"}],"author":[{"embeddable":true,"href":"https:\/\/www.europesays.com\/fr\/wp-json\/wp\/v2\/users\/2"}],"replies":[{"embeddable":true,"href":"https:\/\/www.europesays.com\/fr\/wp-json\/wp\/v2\/comments?post=559932"}],"version-history":[{"count":0,"href":"https:\/\/www.europesays.com\/fr\/wp-json\/wp\/v2\/posts\/559932\/revisions"}],"wp:featuredmedia":[{"embeddable":true,"href":"https:\/\/www.europesays.com\/fr\/wp-json\/wp\/v2\/media\/559933"}],"wp:attachment":[{"href":"https:\/\/www.europesays.com\/fr\/wp-json\/wp\/v2\/media?parent=559932"}],"wp:term":[{"taxonomy":"category","embeddable":true,"href":"https:\/\/www.europesays.com\/fr\/wp-json\/wp\/v2\/categories?post=559932"},{"taxonomy":"post_tag","embeddable":true,"href":"https:\/\/www.europesays.com\/fr\/wp-json\/wp\/v2\/tags?post=559932"}],"curies":[{"name":"wp","href":"https:\/\/api.w.org\/{rel}","templated":true}]}}