{"id":559934,"date":"2025-11-26T12:26:14","date_gmt":"2025-11-26T12:26:14","guid":{"rendered":"https:\/\/www.europesays.com\/fr\/559934\/"},"modified":"2025-11-26T12:26:14","modified_gmt":"2025-11-26T12:26:14","slug":"cyril-lignac-evoque-la-taille-de-sa-grosse-banane-elle-ne-laisse-personne-indifferent","status":"publish","type":"post","link":"https:\/\/www.europesays.com\/fr\/559934\/","title":{"rendered":"Cyril Lignac \u00e9voque la taille de sa \u00ab\u00a0grosse banane\u00a0\u00bb, elle ne laisse personne indiff\u00e9rent"},"content":{"rendered":"<p>Dans cette quatorzi\u00e8me saison du Meilleur P\u00e2tissier,<br \/>\nles candidats encore en lice, Margot, S\u00e9bastien, Victoria et<br \/>\nAdrien, ont d\u00e9j\u00e0 explor\u00e9 \u00e0 peu pr\u00e8s tout ce que la p\u00e2tisserie peut<br \/>\noffrir : des vir\u00e9es chocolat\u00e9es, des hommages aux ann\u00e9es 80, des<br \/>\nvoyages culinaires en Bretagne comme en Italie, et m\u00eame une plong\u00e9e<br \/>\nensorcelante dans les univers d\u2019Halloween ou de Disney. Les quatre<br \/>\np\u00e2tissiers amateurs ne le savent pas encore, mais ce jeudi sera<br \/>\naussi <strong>l\u2019une des soir\u00e9es les plus dr\u00f4les<\/strong> de la<br \/>\nsaison.<\/p>\n<p>\u00ab\u00a0Le Meilleur P\u00e2tissier\u00a0\u00bb : une demi-finale sous haute<br \/>\ntension<\/p>\n<p>Ce jeudi 27 novembre, pourtant, les candidats quittent tous les<br \/>\nsentiers battus. Place \u00e0 un terrain aussi fascinant que pi\u00e9geux :<br \/>\ncelui de <strong>l\u2019illusion.<\/strong> Cette premi\u00e8re partie de<br \/>\ndemi-finale, diffus\u00e9e \u00e0 21h10 sur M6, marque le d\u00e9but d\u2019un marathon<br \/>\nculinaire in\u00e9dit. Pas d\u2019\u00e9limination ce soir-l\u00e0, comme le rapporte<br \/>\nT\u00e9l\u00e9-Loisirs, mais une s\u00e9rie d\u2019\u00e9preuves o\u00f9 seuls les deux<br \/>\nc\u0153urs rouges gagn\u00e9s permettront d\u2019acc\u00e9der \u00e0 la finale de l\u2019\u00e9pisode<br \/>\ndu 4 d\u00e9cembre.<\/p>\n<p>Un nouveau syst\u00e8me qui bouscule les rep\u00e8res et installe une<br \/>\ntension palpable sous la tente. L\u2019\u00e9pisode est construit comme un<br \/>\nv\u00e9ritable <strong>hommage au trompe-l\u2019\u0153il<\/strong>, discipline<br \/>\nredout\u00e9e o\u00f9 l\u2019apparence devient une partie int\u00e9grante du go\u00fbt.<\/p>\n<p>Les illusions gourmandes : un terrain de jeu impitoyable<\/p>\n<p>Pour commencer, Cyril Lignac a frapp\u00e9 fort : revisiter le<br \/>\nmacaron, mais en le transformant totalement. <strong>Donut,<br \/>\ncoquillage, souris, tomate<\/strong>\u2026 les candidats doivent<br \/>\nm\u00e9tamorphoser la douceur fran\u00e7aise sans en trahir l\u00a0\u00bbessence. Un<br \/>\nd\u00e9fi aussi d\u00e9licat que risqu\u00e9, o\u00f9 la moindre fissure peut mettre<br \/>\nfin aux espoirs de m\u00e9daille. Puis vient l\u2019\u00e9preuve technique de<br \/>\nMercotte, probablement l\u2019une des plus vertigineuses de la saison :<br \/>\nle Tabula Scalata. Inspir\u00e9 de la Renaissance, l\u2019entremets demande<br \/>\nune pr\u00e9cision chirurgicale pour r\u00e9ussir ses illusions optiques.<br \/>\nJeux d\u2019angles, d\u00e9grad\u00e9s millim\u00e9tr\u00e9s, mousses abricot\u00e9es\u2026 ici, tout<br \/>\nest calcul\u00e9, tout est fragile, tout peut basculer.<\/p>\n<p>Enfin, l\u2019extraordinaire \u00e9preuve cr\u00e9ative s\u2019invite\u2026 <a href=\"https:\/\/www.melty.fr\/people\/cyril-lignac-sur-le-point-de-quitter-le-meilleur-patissier-apres-le-depart-de-mercotte-ce-serait-complique-2277178.html\" target=\"_blank\" rel=\"noopener\"><br \/>\ndans le salon de Cyril et Mercotte<\/a>. Ou du moins, dans sa<br \/>\nreproduction parfaite. Les candidats doivent int\u00e9grer leur dessert<br \/>\ndans le d\u00e9cor, comme un v\u00e9ritable \u00e9l\u00e9ment de mobilier : lampe,<br \/>\ncadre, buste antique, diffuseur. Pour juger ces illusions grandeur<br \/>\nnature, un expert : <strong>Julien Dugourd<\/strong>, ma\u00eetre du<br \/>\ntrompe-l\u2019\u0153il p\u00e2tissier. Autant dire que cette demi-finale ne<br \/>\nressemble \u00e0 aucune autre.<\/p>\n<blockquote class=\"twitter-tweet\"><p><a class=\"twitter-link\" rel=\"noindex, nofollow noopener\" href=\"https:\/\/twitter.com\/M6\/status\/1991630130020601903\" target=\"_blank\"><\/p><\/blockquote>\n<p>La fameuse \u00ab\u00a0grosse banane\u00a0\u00bb de Cyril<br \/>\nLignac<\/p>\n<p>Si le prime \u00e9tait d\u00e9j\u00e0 attendu, M6 a ajout\u00e9 de l\u2019huile sur le<br \/>\nfeu ce mercredi 20 novembre en publiant un extrait exclusif\u2026 qui<br \/>\nn\u2019a laiss\u00e9 personne indiff\u00e9rent. Dans la s\u00e9quence, on voit Cyril<br \/>\nLignac analyser l\u2019un des trompe-l\u2019\u0153il r\u00e9alis\u00e9s pour l\u2019\u00e9pisode :<br \/>\n<strong>une immense banane<\/strong> plus vraie que nature, pos\u00e9e<br \/>\ndevant lui. Le chef observe, tourne autour, et l\u00e2che dans un<br \/>\ns\u00e9rieux d\u00e9sarmant : \u00ab\u00a0C\u2019est une grosse banane, bien<br \/>\nm\u00fbre.\u00a0\u00bb<\/p>\n<p>La phrase a \u00e0 peine le temps de r\u00e9sonner que <a href=\"https:\/\/www.melty.fr\/tele\/le-meilleur-patissier-mercotte-sur-le-depart-une-cheffe-se-propose-pour-de-reprendre-le-flambeau-2277918.html\" target=\"_blank\" rel=\"noopener\"><br \/>\nMercotte, fid\u00e8le \u00e0 son sens de la repartie<\/a>, ajoute avec un<br \/>\nsourire malicieux : \u00ab\u00a0<strong>C\u2019est XXL !<\/strong>\u00a0\u00bb Il n\u2019en<br \/>\nfallait pas plus pour d\u00e9clencher un fou rire g\u00e9n\u00e9ral. Les<br \/>\ncandidats, d\u00e9j\u00e0 \u00e9puis\u00e9s par les heures de travail, explosent.<br \/>\nLa\u00ebtitia Milot, qui anime cette saison avec une \u00e9nergie<br \/>\ncommunicative, se plie litt\u00e9ralement en deux. Sous la tente,<br \/>\nimpossible de reprendre son souffle pendant de longues secondes.<br \/>\nAlors m\u00eame que la tension de la demi-finale est \u00e0 son comble,<br \/>\nl\u2019\u00e9quipe montre qu\u2019elle sait encore rire de tout&#8230; y compris d\u2019un<br \/>\nfruit g\u00e9ant.<\/p>\n<p><script async src=\"https:\/\/platform.twitter.com\/widgets.js\" charset=\"utf-8\"><\/script><\/p>\n","protected":false},"excerpt":{"rendered":"Dans cette quatorzi\u00e8me saison du Meilleur P\u00e2tissier, les candidats encore en lice, Margot, S\u00e9bastien, Victoria et Adrien, ont&hellip;\n","protected":false},"author":2,"featured_media":559935,"comment_status":"","ping_status":"","sticky":false,"template":"","format":"standard","meta":{"footnotes":""},"categories":[1359],"tags":[46556,58,59,1011,27,973],"class_list":{"0":"post-559934","1":"post","2":"type-post","3":"status-publish","4":"format-standard","5":"has-post-thumbnail","7":"category-people","8":"tag-cyril-lignac","9":"tag-divertissement","10":"tag-entertainment","11":"tag-fr","12":"tag-france","13":"tag-people"},"share_on_mastodon":{"url":"https:\/\/pubeurope.com\/@fr\/115615995544159669","error":""},"_links":{"self":[{"href":"https:\/\/www.europesays.com\/fr\/wp-json\/wp\/v2\/posts\/559934","targetHints":{"allow":["GET"]}}],"collection":[{"href":"https:\/\/www.europesays.com\/fr\/wp-json\/wp\/v2\/posts"}],"about":[{"href":"https:\/\/www.europesays.com\/fr\/wp-json\/wp\/v2\/types\/post"}],"author":[{"embeddable":true,"href":"https:\/\/www.europesays.com\/fr\/wp-json\/wp\/v2\/users\/2"}],"replies":[{"embeddable":true,"href":"https:\/\/www.europesays.com\/fr\/wp-json\/wp\/v2\/comments?post=559934"}],"version-history":[{"count":0,"href":"https:\/\/www.europesays.com\/fr\/wp-json\/wp\/v2\/posts\/559934\/revisions"}],"wp:featuredmedia":[{"embeddable":true,"href":"https:\/\/www.europesays.com\/fr\/wp-json\/wp\/v2\/media\/559935"}],"wp:attachment":[{"href":"https:\/\/www.europesays.com\/fr\/wp-json\/wp\/v2\/media?parent=559934"}],"wp:term":[{"taxonomy":"category","embeddable":true,"href":"https:\/\/www.europesays.com\/fr\/wp-json\/wp\/v2\/categories?post=559934"},{"taxonomy":"post_tag","embeddable":true,"href":"https:\/\/www.europesays.com\/fr\/wp-json\/wp\/v2\/tags?post=559934"}],"curies":[{"name":"wp","href":"https:\/\/api.w.org\/{rel}","templated":true}]}}