{"id":559936,"date":"2025-11-26T12:27:17","date_gmt":"2025-11-26T12:27:17","guid":{"rendered":"https:\/\/www.europesays.com\/fr\/559936\/"},"modified":"2025-11-26T12:27:17","modified_gmt":"2025-11-26T12:27:17","slug":"casse-du-louvre-que-sait-on-de-la-derniere-salve-dinterpellations","status":"publish","type":"post","link":"https:\/\/www.europesays.com\/fr\/559936\/","title":{"rendered":"Casse du Louvre : que sait-on de la derni\u00e8re salve d&rsquo;interpellations ?"},"content":{"rendered":"<ul class=\"jsx-862013697 ArticleChapo__List\">\n<li class=\"jsx-862013697 ArticleChapo__List_Item flex\">Un suspect du cambriolage du Louvre a \u00e9t\u00e9 interpell\u00e9 \u00e0 Laval, en Mayenne, au matin du 25 novembre.<\/li>\n<li class=\"jsx-862013697 ArticleChapo__List_Item flex\">Trois de ses proches ont \u00e9galement \u00e9t\u00e9 plac\u00e9s en garde \u00e0 vue.<\/li>\n<li class=\"jsx-862013697 ArticleChapo__List_Item flex\">\u00c2g\u00e9 de 39 ans, il \u00e9tait employ\u00e9 dans le BTP.<\/li>\n<\/ul>\n<p data-module=\"article-paragraph\" class=\"jsx-3046738180 Paragraph\">Un mois apr\u00e8s le casse qui s&rsquo;est d\u00e9roul\u00e9 au mus\u00e9e du Louvre, une <a href=\"https:\/\/www.tf1info.fr\/justice-faits-divers\/vols-de-bijoux-au-louvre-un-4-homme-interpelle-apres-plus-d-un-mois-d-enquete-2408824.html\" target=\"_blank\" rel=\"noopener\">nouvelle vague d&rsquo;arrestations<\/a> a \u00e9t\u00e9 r\u00e9alis\u00e9e par la brigade de r\u00e9pression du banditisme (BRB) de Paris. Mardi 25 novembre, un homme a \u00e9t\u00e9 interpell\u00e9, ainsi que trois personnes de son entourage. Leurs gardes \u00e0 vue ont \u00e9t\u00e9 prolong\u00e9es ce mercredi matin.<\/p>\n<p data-module=\"article-paragraph\" class=\"jsx-3046738180 Paragraph Paragraph__End\">Le suspect a \u00e9t\u00e9<a href=\"https:\/\/www.tf1info.fr\/justice-faits-divers\/video-employe-du-btp-connu-de-la-police-le-dernier-membre-presume-du-commando-du-louvre-interpelle-a-laval-2408889.html\" target=\"_blank\" rel=\"noopener\"> appr\u00e9hend\u00e9 \u00e0 Laval<\/a>, en Mayenne, \u00e0 280 km de Paris. L&rsquo;homme \u00e9tait surveill\u00e9 depuis un moment par les enqu\u00eateurs et changeait r\u00e9guli\u00e8rement de domicile. C&rsquo;est pour cette raison que l&rsquo;ordre a finalement \u00e9t\u00e9 donn\u00e9 de l&rsquo;interpeller hier matin tr\u00e8s t\u00f4t, \u00e0 6h, alors qu&rsquo;il s&rsquo;appr\u00eatait \u00e0 rejoindre le chantier o\u00f9 il travaillait comme conducteur d&rsquo;engin. Il est ainsi soup\u00e7onn\u00e9 d&rsquo;avoir man\u0153uvr\u00e9 le camion monte-charge utilis\u00e9 pour le casse.<\/p>\n<p><a href=\"https:\/\/www.tf1info.fr\/traditions-et-patrimoine\/vol-au-louvre-les-bijoux-seront-retrouves-reaffirme-emmanuel-macron-2405498.html\" rel=\"noopener\" class=\"jsx-3308031228 Link flex\" target=\"_blank\"><img decoding=\"async\" src=\"https:\/\/www.europesays.com\/fr\/wp-content\/uploads\/2025\/11\/emmanuel-macron-portrait-2024-72aac0-2@1x.jpeg\" alt=\"AFP\" loading=\"lazy\" importance=\"low\" fetchpriority=\"low\" class=\"\" aria-hidden=\"true\"\/><\/p>\n<p class=\"jsx-3657663356 ReadMoreArticle__Title\">Lire aussi<\/p>\n<p class=\"jsx-3657663356\">Vol au Louvre : \u00ab\u00a0Les bijoux seront retrouv\u00e9s\u00a0\u00bb, assure Emmanuel Macron<\/p>\n<p><\/a><\/p>\n<p data-module=\"article-paragraph\" class=\"jsx-3046738180 Paragraph\">Il serait donc l&rsquo;un des deux hommes rest\u00e9s \u00e0 l&rsquo;ext\u00e9rieur du mus\u00e9e pendant le casse et l&rsquo;un des conducteurs des scooters au moment de la fuite. Les autorit\u00e9s tiendraient ainsi le quatri\u00e8me et dernier homme du commando. Les trois autres membres pr\u00e9sum\u00e9s dorment d\u00e9j\u00e0 en prison.<\/p>\n<p data-module=\"article-paragraph\" class=\"jsx-3046738180 Paragraph Paragraph__End\">\u00c2g\u00e9 de 39 ans et originaire d&rsquo;Aubervilliers, en Seine-Saint-Denis, comme ses trois comparses, le dernier interpell\u00e9 \u00e9tait d\u00e9j\u00e0 connu des services de police, notamment pour cambriolage. La question reste de d\u00e9terminer si les quatre hommes ont agi seuls ou sur commande. D&rsquo;apr\u00e8s les informations recueillies par LCI, plusieurs des suspects ont \u00e9voqu\u00e9 un commanditaire \u00e0 l&rsquo;accent slave. Les enqu\u00eateurs restent tr\u00e8s prudents sur cette hypoth\u00e8se.<\/p>\n<p>Mael NARPON<\/p>\n","protected":false},"excerpt":{"rendered":"Un suspect du cambriolage du Louvre a \u00e9t\u00e9 interpell\u00e9 \u00e0 Laval, en Mayenne, au matin du 25 novembre.&hellip;\n","protected":false},"author":2,"featured_media":559937,"comment_status":"","ping_status":"","sticky":false,"template":"","format":"standard","meta":{"footnotes":""},"categories":[1358],"tags":[1111,11,1921,1348,1384,1385,62336,1386,58,59,1011,27,1922,2954,6225,133,2953],"class_list":{"0":"post-559936","1":"post","2":"type-post","3":"status-publish","4":"format-standard","5":"has-post-thumbnail","7":"category-arts-et-design","8":"tag-actu","9":"tag-actualites","10":"tag-article-video","11":"tag-arts","12":"tag-arts-and-design","13":"tag-arts-et-design","14":"tag-des-bijoux-inestimables-derobes-au-musee-du-louvre","15":"tag-design","16":"tag-divertissement","17":"tag-entertainment","18":"tag-fr","19":"tag-france","20":"tag-info","21":"tag-justice-et-faits-divers","22":"tag-la-matinale","23":"tag-video","24":"tag-video-police"},"share_on_mastodon":{"url":"https:\/\/pubeurope.com\/@fr\/115616000059720932","error":""},"_links":{"self":[{"href":"https:\/\/www.europesays.com\/fr\/wp-json\/wp\/v2\/posts\/559936","targetHints":{"allow":["GET"]}}],"collection":[{"href":"https:\/\/www.europesays.com\/fr\/wp-json\/wp\/v2\/posts"}],"about":[{"href":"https:\/\/www.europesays.com\/fr\/wp-json\/wp\/v2\/types\/post"}],"author":[{"embeddable":true,"href":"https:\/\/www.europesays.com\/fr\/wp-json\/wp\/v2\/users\/2"}],"replies":[{"embeddable":true,"href":"https:\/\/www.europesays.com\/fr\/wp-json\/wp\/v2\/comments?post=559936"}],"version-history":[{"count":0,"href":"https:\/\/www.europesays.com\/fr\/wp-json\/wp\/v2\/posts\/559936\/revisions"}],"wp:featuredmedia":[{"embeddable":true,"href":"https:\/\/www.europesays.com\/fr\/wp-json\/wp\/v2\/media\/559937"}],"wp:attachment":[{"href":"https:\/\/www.europesays.com\/fr\/wp-json\/wp\/v2\/media?parent=559936"}],"wp:term":[{"taxonomy":"category","embeddable":true,"href":"https:\/\/www.europesays.com\/fr\/wp-json\/wp\/v2\/categories?post=559936"},{"taxonomy":"post_tag","embeddable":true,"href":"https:\/\/www.europesays.com\/fr\/wp-json\/wp\/v2\/tags?post=559936"}],"curies":[{"name":"wp","href":"https:\/\/api.w.org\/{rel}","templated":true}]}}