{"id":559943,"date":"2025-11-26T12:32:12","date_gmt":"2025-11-26T12:32:12","guid":{"rendered":"https:\/\/www.europesays.com\/fr\/559943\/"},"modified":"2025-11-26T12:32:12","modified_gmt":"2025-11-26T12:32:12","slug":"sante-pourquoi-la-grippe-pourrait-elle-etre-particulierement-virulente-cette-annee","status":"publish","type":"post","link":"https:\/\/www.europesays.com\/fr\/559943\/","title":{"rendered":"Sant\u00e9. Pourquoi la grippe pourrait-elle \u00eatre particuli\u00e8rement virulente cette ann\u00e9e\u00a0?"},"content":{"rendered":"<p>En France, en 2025, pr\u00e8s de 8 millions de personnes ont \u00e9t\u00e9 vaccin\u00e9es contre le virus de la grippe, une hausse de 21 % par rapport \u00e0 l\u2019ann\u00e9e 2024 \u00e0 la m\u00eame p\u00e9riode. \u00ab\u00a0Une tr\u00e8s bonne nouvelle\u00a0\u00bb a comment\u00e9 lundi 24 novembre sur <a href=\"https:\/\/www.franceinfo.fr\/sante\/vaccins\/grippe-pres-de-8-millions-de-francais-se-sont-deja-fait-vacciner_7636304.html\" target=\"_blank\" rel=\"noopener\">Franceinfo<\/a> Anne-Claude Cr\u00e9mieux, pr\u00e9sidente de la commission technique des vaccinations de la Haute autorit\u00e9 de Sant\u00e9 (HAS).<\/p>\n<p>Jeudi 20 novembre, le Centre europ\u00e9en de pr\u00e9vention et de contr\u00f4le des maladies (ECDC) alertait sur un d\u00e9marrage de la grippe particuli\u00e8rement pr\u00e9coce cette saison. \u00ab\u00a0Les cas de grippe sont d\u00e9tect\u00e9s beaucoup plus t\u00f4t que d\u2019habitude dans les pays de l\u2019Union europ\u00e9enne et de l\u2019Espace \u00e9conomique europ\u00e9en (UE\/EEE), soit trois \u00e0 quatre semaines plus t\u00f4t que lors des deux derni\u00e8res saisons\u00a0\u00bb, expliquait l\u2019autorit\u00e9 sanitaire europ\u00e9enne.<\/p>\n<p>\u00ab Nous constatons une augmentation des <a href=\"https:\/\/destinationsante.com\/grippe-se-proteger-pour-bien-vieillir.html\" target=\"_blank\" rel=\"noopener\">cas de grippe<\/a> beaucoup plus t\u00f4t que d\u2019habitude cette ann\u00e9e, ce qui signifie qu\u2019il est crucial d\u2019agir rapidement, a d\u00e9clar\u00e9 Edoardo Colzani, responsable des virus respiratoires \u00e0 l\u2019ECDC. Si vous \u00eates \u00e9ligible \u00e0 la vaccination, n\u2019attendez pas. Se faire vacciner maintenant est l\u2019un des moyens les plus efficaces de vous prot\u00e9ger et de prot\u00e9ger votre entourage contre les formes graves de la maladie cet hiver. \u00bb<\/p>\n<p><strong>Le sous-clade K du virus H3N2 en cause <\/strong><\/p>\n<p>\u00ab\u00a0Il y a une augmentation des virus, notamment chez les enfants, aussi bien en France qu\u2019en Europe, a confirm\u00e9 Anne-Claude Cr\u00e9mieux au micro de Franceinfo. On sait que c\u2019est le premier signe avant-coureur d\u2019un d\u00e9marrage de l\u2019\u00e9pid\u00e9mie de grippe.\u00a0\u00bb<\/p>\n<p>Le responsable de ce d\u00e9marrage pr\u00e9coce de l\u2019\u00e9pid\u00e9mie de grippe\u00a0? Une nouvelle souche de grippe A(H3N2) connu sous le nom de sous-clade K. Selon l\u2019ECDC, il est \u00e0 l\u2019origine de cette augmentation des cas.<\/p>\n<p>Le 20 novembre, l\u2019alerte \u00e9tait \u00e9galement lanc\u00e9e par <a href=\"https:\/\/gvn.org\/global-virus-network-experts-new-flu-strain-underscores-urgent-need-for-vigilance-vaccination-and-investment-in-virus-science\/\" target=\"_blank\" rel=\"noopener\">The Global Virus Network (GVN)<\/a>, le r\u00e9seau mondial de lutte contre <a href=\"https:\/\/destinationsante.com\/grippe-covid-19-des-virus-respiratoires-capables-de-reveiller-les-cellules-cancereuses-endormies.html\" target=\"_blank\" rel=\"noopener\">les virus<\/a>. \u00ab\u00a0Le variant\u00a0se propage rapidement et pourrait contribuer \u00e0 une saison grippale plus intense \u00e0 l\u2019\u00e9chelle mondiale. Les agences de sant\u00e9 publique du Royaume-Uni, de plusieurs pays d\u2019Europe, du Japon et de certaines r\u00e9gions d\u2019Am\u00e9rique du Nord ont signal\u00e9 une forte augmentation hebdomadaire des cas li\u00e9s \u00e0 ce sous-clade, signe d\u2019une acc\u00e9l\u00e9ration de la propagation mondiale.\u00a0\u00bb <\/p>\n<p>  <strong>Plus grande transmissibilit\u00e9 et \u00e9chappement immunitaire <\/strong><\/p>\n<p>Pourquoi cette souche inqui\u00e8te-t-elle les virologues du GVN\u00a0? \u00ab\u00a0Le sous-clade K du virus H3N2 repr\u00e9sente une branche \u00e9volu\u00e9e des virus H3N2 saisonniers qui circulent chaque ann\u00e9e. Cette souche a accumul\u00e9 plusieurs mutations susceptibles d\u2019accro\u00eetre sa transmissibilit\u00e9 et de permettre un \u00e9chappement immunitaire partiel, contribuant ainsi \u00e0 une activit\u00e9 grippale plus pr\u00e9coce et plus \u00e9tendue dans de nombreuses r\u00e9gions. Les donn\u00e9es de surveillance montrent une croissance particuli\u00e8rement rapide au Royaume-Uni et en Europe occidentale (dont la France et l\u2019Allemagne, ndlr), avec une augmentation des cas d\u00e9tect\u00e9s au Canada et dans le nord-est des \u00c9tats-Unis, ainsi qu\u2019une activit\u00e9 grippale accrue en Asie de l\u2019Est.\u00a0\u00bb <\/p>\n<p>Bien que <a href=\"https:\/\/destinationsante.com\/grippe-de-nouveaux-vaccins-concus-pour-les-seniors.html\" target=\"_blank\" rel=\"noopener\">le vaccin<\/a> disponible ne soit pas tout \u00e0 fait adapt\u00e9 \u00e0 cette nouvelle souche il reste protecteur contre les formes graves et les hospitalisations, affirment les experts du GVN. \u00ab\u00a0Ces modifications subtiles (du virus, ndlr) peuvent rendre plus difficile la reconnaissance compl\u00e8te du virus par le syst\u00e8me immunitaire, m\u00eame chez les personnes d\u00e9j\u00e0 infect\u00e9es ou vaccin\u00e9es. Malgr\u00e9 cette d\u00e9rive, la vaccination reste notre mesure la plus efficace pour pr\u00e9venir les formes graves et r\u00e9duire la pression sur les h\u00f4pitaux\u00a0\u00bb, pointe le Pr. Peter Palese, virologue sp\u00e9cialiste de la grippe, directeur du Centre d\u2019excellence GVN \u00e0 l\u2019\u00c9cole de m\u00e9decine Icahn du Mont Sina\u00ef (New York, Etats-Unis).<\/p>\n<p><strong>Qui sont les personnes \u00e0 risque\u00a0? <\/strong><\/p>\n<p>En France, le vaccin contre la grippe est pris en charge \u00e0 100 % pour\u00a0:<\/p>\n<ul>\n<li>les personnes \u00e2g\u00e9es de 65 ans et plus\u00a0;<\/li>\n<li>les personnes de moins de 65 ans, y compris les enfants d\u00e8s l\u2019\u00e2ge de 6 mois, souffrant de certaines maladies chroniques\u00a0;<\/li>\n<li>les femmes enceintes\u00a0;<\/li>\n<li>les personnes souffrant d\u2019ob\u00e9sit\u00e9 : indice de masse corporelle (IMC) sup\u00e9rieur ou \u00e9gal \u00e0 40\u00a0;<\/li>\n<li>les personnes s\u00e9journant dans un \u00e9tablissement de soins de suite ou dans un \u00e9tablissement m\u00e9dicosocial d\u2019h\u00e9bergement quel que soit leur \u00e2ge.<\/li>\n<\/ul>\n<p>\u00a0<\/p>\n<p class=\"note\">Source : Global virus network, Franceinfo, ECDC.<\/p>\n","protected":false},"excerpt":{"rendered":"En France, en 2025, pr\u00e8s de 8 millions de personnes ont \u00e9t\u00e9 vaccin\u00e9es contre le virus de la&hellip;\n","protected":false},"author":2,"featured_media":559944,"comment_status":"","ping_status":"","sticky":false,"template":"","format":"standard","meta":{"footnotes":""},"categories":[10],"tags":[107,1011,27,72,1031,5362,71],"class_list":{"0":"post-559943","1":"post","2":"type-post","3":"status-publish","4":"format-standard","5":"has-post-thumbnail","7":"category-sante","8":"tag-fil-info","9":"tag-fr","10":"tag-france","11":"tag-health","12":"tag-magazine","13":"tag-magazine-sante","14":"tag-sante"},"share_on_mastodon":{"url":"https:\/\/pubeurope.com\/@fr\/115616018889777703","error":""},"_links":{"self":[{"href":"https:\/\/www.europesays.com\/fr\/wp-json\/wp\/v2\/posts\/559943","targetHints":{"allow":["GET"]}}],"collection":[{"href":"https:\/\/www.europesays.com\/fr\/wp-json\/wp\/v2\/posts"}],"about":[{"href":"https:\/\/www.europesays.com\/fr\/wp-json\/wp\/v2\/types\/post"}],"author":[{"embeddable":true,"href":"https:\/\/www.europesays.com\/fr\/wp-json\/wp\/v2\/users\/2"}],"replies":[{"embeddable":true,"href":"https:\/\/www.europesays.com\/fr\/wp-json\/wp\/v2\/comments?post=559943"}],"version-history":[{"count":0,"href":"https:\/\/www.europesays.com\/fr\/wp-json\/wp\/v2\/posts\/559943\/revisions"}],"wp:featuredmedia":[{"embeddable":true,"href":"https:\/\/www.europesays.com\/fr\/wp-json\/wp\/v2\/media\/559944"}],"wp:attachment":[{"href":"https:\/\/www.europesays.com\/fr\/wp-json\/wp\/v2\/media?parent=559943"}],"wp:term":[{"taxonomy":"category","embeddable":true,"href":"https:\/\/www.europesays.com\/fr\/wp-json\/wp\/v2\/categories?post=559943"},{"taxonomy":"post_tag","embeddable":true,"href":"https:\/\/www.europesays.com\/fr\/wp-json\/wp\/v2\/tags?post=559943"}],"curies":[{"name":"wp","href":"https:\/\/api.w.org\/{rel}","templated":true}]}}