{"id":559947,"date":"2025-11-26T12:34:13","date_gmt":"2025-11-26T12:34:13","guid":{"rendered":"https:\/\/www.europesays.com\/fr\/559947\/"},"modified":"2025-11-26T12:34:13","modified_gmt":"2025-11-26T12:34:13","slug":"la-serie-traques-avec-benoit-magimel-et-melanie-laurent-suspendue-a-la-derniere-minute","status":"publish","type":"post","link":"https:\/\/www.europesays.com\/fr\/559947\/","title":{"rendered":"La s\u00e9rie \u00ab\u00a0Traqu\u00e9s\u00a0\u00bb avec Beno\u00eet Magimel et M\u00e9lanie Laurent suspendue \u00e0 la derni\u00e8re minute"},"content":{"rendered":"<p>        <img decoding=\"async\" loading=\"lazy\" src=\"https:\/\/www.europesays.com\/fr\/wp-content\/uploads\/2025\/11\/9489c7c_upload-1-t6r5xpgw8v4f-wohub5wtjnfj3eyjfpffsgxlzy.jpg\"  width=\"728\" height=\"410\" alt=\"Damien Bonnard, C\u00e9dric Appietto, Manuel Guillot, Beno\u00eet Magimel dans \u00ab\u00a0Traqu\u00e9s\u00a0\u00bb sur Apple TV+&#10;\"\/>  <\/p>\n<p>Apple TV+ \/ Apple TV+<\/p>\n<p>Damien Bonnard, C\u00e9dric Appietto, Manuel Guillot, Beno\u00eet Magimel dans \u00ab\u00a0Traqu\u00e9s\u00a0\u00bb sur Apple TV+\n<\/p>\n<p>      <strong>EN BREF<\/strong> <strong>\u2022 <\/strong>Apple TV+ reporte la sortie de la s\u00e9rie fran\u00e7aise\u00a0Traqu\u00e9s avec Beno\u00eet Magimel et M\u00e9lanie Laurent en raison d\u2019accusations de plagiat.<br \/><strong>\u2022 <\/strong>Gaumont m\u00e8ne une enqu\u00eate sur les similitudes entre le sc\u00e9nario de Traqu\u00e9s et le roman Shoot de Douglas Fairbairn.<br \/><strong>\u2022 <\/strong>La plateforme a retir\u00e9 tous les \u00e9l\u00e9ments promotionnels, sans annoncer de nouvelle date de sortie.                         <\/p>\n<p class=\"asset asset-text\">Vous pouvez temporairement ranger le popcorn. <a href=\"https:\/\/www.huffingtonpost.fr\/culture\/article\/pluribus-sur-apple-tv-la-nouvelle-serie-du-createur-de-breaking-bad-se-devoile-enfin_256912.html\" target=\"_blank\" rel=\"noopener\">Apple TV+<\/a> a annonc\u00e9 avoir suspendu la mise en ligne de Traqu\u00e9s, <a href=\"https:\/\/www.huffingtonpost.fr\/culture\/article\/menace-imminente-sur-tf1-avec-patrick-bruel-de-quoi-parle-la-nouvelle-serie-policiere_257218.html\" target=\"_blank\" rel=\"noopener\">thriller fran\u00e7ais<\/a> pr\u00e9vu pour le 3\u00a0d\u00e9cembre. En cause, des accusations de plagiat qui ont pouss\u00e9 Gaumont et la plateforme \u00e0 repousser la sortie de la s\u00e9rie avec <a href=\"https:\/\/www.huffingtonpost.fr\/culture\/article\/melanie-laurent-rejoint-le-casting-de-fauda-la-serie-d-espionnage-israelienne-pour-la-saison-5_248787.html\" target=\"_blank\" rel=\"noopener\">M\u00e9lanie Laurent <\/a>et Beno\u00eet Magimel.<\/p>\n<p class=\"asset asset-text\">Dans un communiqu\u00e9 envoy\u00e9 \u00e0 nos confr\u00e8res du site am\u00e9ricain <a href=\"https:\/\/variety.com\/2025\/tv\/news\/apple-tv-the-hunt-investigation-plagiarism-allegations-1236592163\/\" target=\"_blank\" rel=\"noopener\" title=\"Nouvelle fen\u00eatre\">Variety<\/a> mardi 25\u00a0novembre, Gaumont explique avoir en effet stopp\u00e9 la diffusion de la s\u00e9rie fran\u00e7aise pour mener une enqu\u00eate approfondie sur les accusations\u00a0: \u00ab\u00a0Traqu\u00e9s a \u00e9t\u00e9 repouss\u00e9e temporairement. Nous menons des investigations pouss\u00e9es pour examiner toutes les interrogations soulev\u00e9es au sujet de notre production. Nous prenons les questions de propri\u00e9t\u00e9 intellectuelle tr\u00e8s au s\u00e9rieux.\u00a0\u00bb<\/p>\n<p class=\"asset asset-text\">Derri\u00e8re la suspension : des accusations de plagiat de la s\u00e9rie, cr\u00e9\u00e9e et r\u00e9alis\u00e9e par C\u00e9dric Anger (connu pour La Prochaine fois je viserai le coeur nomm\u00e9 aux C\u00e9sar et avec Guillaume Canet), pourtant pr\u00e9sent\u00e9e comme une cr\u00e9ation originale. Le sc\u00e9nario a de grandes similitudes avec le roman de l\u2019\u00e9crivain am\u00e9ricain Douglas Fairbairn, paru en 1973, intitul\u00e9 Shoot.<\/p>\n<p>                     Les ressemblances entre Traqu\u00e9s et Shoot    <\/p>\n<p class=\"asset asset-text\">Dans le livre, qui a \u00e9t\u00e9 adapt\u00e9 en film trois ans apr\u00e8s sa parution, une bande de chasseurs part en week-end dans la for\u00eat. Lorsque Rex et ses amis croisent un autre groupe et se font tirer dessus sans explication, ils r\u00e9pliquent, tuant un des chasseurs de la bande\u00a0rivale. Personne ne dit rien \u00e0 la police, mais Rex comprend qu\u2019une vengeance se pr\u00e9pare et qu\u2019il est lui-m\u00eame devenu une proie.<\/p>\n<p class=\"asset asset-text\">Le pitch de la s\u00e9rie Apple TV+ figure ainsi dans le communiqu\u00e9 de presse envoy\u00e9 il y a quelques mois\u00a0: \u00ab\u00a0Franck (Beno\u00eet Magimel) et ses amis passent leurs weekends \u00e0 chasser ensemble. Ils se retrouvent un jour face \u00e0 un groupe de chasseurs qui les prend pour cible sans raisons apparentes. L\u2019un d\u2019entre eux est touch\u00e9. Franck et ses amis r\u00e9pliquent puis r\u00e9ussissent \u00e0 s\u2019\u00e9chapper de justesse. Ils d\u00e9cident de garder l\u2019incident secret, et Franck tente de reprendre une vie normale aux c\u00f4t\u00e9s de sa femme Krystel (M\u00e9lanie Laurent). Mais tr\u00e8s vite, le groupe se sent observ\u00e9, et pire, traqu\u00e9 par ces hommes qui semblent pr\u00eats \u00e0 tout pour se venger&#8230;\u00a0\u00bb.<\/p>\n<p class=\"asset asset-text\">Au casting de la s\u00e9rie thriller, outre beno\u00eet Magimel et M\u00e9lanie Laurent, il y a \u00e9galement Damien Bonnard, Manuel Guillot, C\u00e9dric Appietto, Angelyna Danabe-Mignot,\u00a0Paul Beaurepaire,\u00a0Yann Goven,\u00a0Sarah Pachoud\u00a0et\u00a0Patrick De Vallette. La plateforme a retir\u00e9 les \u00e9l\u00e9ments promotionnels de la s\u00e9rie, les affiches et la bande-annonce de ses r\u00e9seaux sociaux ainsi que de sa cha\u00eene YouTube. Pour l\u2019instant, ni Apple TV+, ni Gaumont n\u2019ont annonc\u00e9 de nouvelle date de sortie pour Traqu\u00e9s.<\/p>\n","protected":false},"excerpt":{"rendered":"Apple TV+ \/ Apple TV+ Damien Bonnard, C\u00e9dric Appietto, Manuel Guillot, Beno\u00eet Magimel dans \u00ab\u00a0Traqu\u00e9s\u00a0\u00bb sur Apple TV+&hellip;\n","protected":false},"author":2,"featured_media":559948,"comment_status":"","ping_status":"","sticky":false,"template":"","format":"standard","meta":{"footnotes":""},"categories":[8],"tags":[519,67700,251,58,59,1011,27,49981,595],"class_list":{"0":"post-559947","1":"post","2":"type-post","3":"status-publish","4":"format-standard","5":"has-post-thumbnail","7":"category-divertissement","8":"tag-apple-tv","9":"tag-benoit-magimel","10":"tag-culture","11":"tag-divertissement","12":"tag-entertainment","13":"tag-fr","14":"tag-france","15":"tag-melanie-laurent","16":"tag-serie-tv"},"share_on_mastodon":{"url":"https:\/\/pubeurope.com\/@fr\/115616027338379825","error":""},"_links":{"self":[{"href":"https:\/\/www.europesays.com\/fr\/wp-json\/wp\/v2\/posts\/559947","targetHints":{"allow":["GET"]}}],"collection":[{"href":"https:\/\/www.europesays.com\/fr\/wp-json\/wp\/v2\/posts"}],"about":[{"href":"https:\/\/www.europesays.com\/fr\/wp-json\/wp\/v2\/types\/post"}],"author":[{"embeddable":true,"href":"https:\/\/www.europesays.com\/fr\/wp-json\/wp\/v2\/users\/2"}],"replies":[{"embeddable":true,"href":"https:\/\/www.europesays.com\/fr\/wp-json\/wp\/v2\/comments?post=559947"}],"version-history":[{"count":0,"href":"https:\/\/www.europesays.com\/fr\/wp-json\/wp\/v2\/posts\/559947\/revisions"}],"wp:featuredmedia":[{"embeddable":true,"href":"https:\/\/www.europesays.com\/fr\/wp-json\/wp\/v2\/media\/559948"}],"wp:attachment":[{"href":"https:\/\/www.europesays.com\/fr\/wp-json\/wp\/v2\/media?parent=559947"}],"wp:term":[{"taxonomy":"category","embeddable":true,"href":"https:\/\/www.europesays.com\/fr\/wp-json\/wp\/v2\/categories?post=559947"},{"taxonomy":"post_tag","embeddable":true,"href":"https:\/\/www.europesays.com\/fr\/wp-json\/wp\/v2\/tags?post=559947"}],"curies":[{"name":"wp","href":"https:\/\/api.w.org\/{rel}","templated":true}]}}