{"id":559949,"date":"2025-11-26T12:35:13","date_gmt":"2025-11-26T12:35:13","guid":{"rendered":"https:\/\/www.europesays.com\/fr\/559949\/"},"modified":"2025-11-26T12:35:13","modified_gmt":"2025-11-26T12:35:13","slug":"direct-black-friday-a-moins-de-100-euros-le-cadeau-le-plus-tendance-est-une-enceinte-sans-fil-ou-des-bracelets-dactivite-pour-surveiller-sa-sante","status":"publish","type":"post","link":"https:\/\/www.europesays.com\/fr\/559949\/","title":{"rendered":"DIRECT. Black Friday\u00a0: \u00ab A moins de 100 euros, le cadeau le plus tendance est une enceinte sans-fil ou des bracelets d&rsquo;activit\u00e9 pour surveiller sa sant\u00e9 \u00bb"},"content":{"rendered":"<p class=\"col subheadline margin_bottom_subheadline\">Est-ce le bon moment pour trouver un Iphone ou des Airpods moins chers ? La Switch 2 vaut-elle le coup ? \u00c0 deux jours du Black Friday, Damien Licata Caruso, notre sp\u00e9cialiste high-tech, vous donne des conseils en r\u00e9pondant en direct \u00e0 vos questions ce mercredi \u00e0 partir de 12\u00a0heures.<\/p>\n<p>Par <a href=\"https:\/\/www.leparisien.fr\/auteur\/damien-licata-caruso\/\" class=\"author_link\" target=\"_blank\" rel=\"noopener\">Damien Licata Caruso<\/a>\u00a0<\/p>\n<p>Le 26 novembre 2025 \u00e0 09h34, modifi\u00e9 le 26 novembre 2025 \u00e0 13h18<\/p>\n","protected":false},"excerpt":{"rendered":"Est-ce le bon moment pour trouver un Iphone ou des Airpods moins chers ? La Switch 2 vaut-elle&hellip;\n","protected":false},"author":2,"featured_media":559950,"comment_status":"","ping_status":"","sticky":false,"template":"","format":"standard","meta":{"footnotes":""},"categories":[7],"tags":[56038,1011,27,60475,43,40,41,39,30484,42,44],"class_list":{"0":"post-559949","1":"post","2":"type-post","3":"status-publish","4":"format-standard","5":"has-post-thumbnail","7":"category-sciences-et-technologies","8":"tag-black-friday","9":"tag-fr","10":"tag-france","11":"tag-licata","12":"tag-science","13":"tag-science-and-technology","14":"tag-sciences","15":"tag-sciences-et-technologies","16":"tag-tchat","17":"tag-technologies","18":"tag-technology"},"share_on_mastodon":{"url":"https:\/\/pubeurope.com\/@fr\/115616030749901145","error":""},"_links":{"self":[{"href":"https:\/\/www.europesays.com\/fr\/wp-json\/wp\/v2\/posts\/559949","targetHints":{"allow":["GET"]}}],"collection":[{"href":"https:\/\/www.europesays.com\/fr\/wp-json\/wp\/v2\/posts"}],"about":[{"href":"https:\/\/www.europesays.com\/fr\/wp-json\/wp\/v2\/types\/post"}],"author":[{"embeddable":true,"href":"https:\/\/www.europesays.com\/fr\/wp-json\/wp\/v2\/users\/2"}],"replies":[{"embeddable":true,"href":"https:\/\/www.europesays.com\/fr\/wp-json\/wp\/v2\/comments?post=559949"}],"version-history":[{"count":0,"href":"https:\/\/www.europesays.com\/fr\/wp-json\/wp\/v2\/posts\/559949\/revisions"}],"wp:featuredmedia":[{"embeddable":true,"href":"https:\/\/www.europesays.com\/fr\/wp-json\/wp\/v2\/media\/559950"}],"wp:attachment":[{"href":"https:\/\/www.europesays.com\/fr\/wp-json\/wp\/v2\/media?parent=559949"}],"wp:term":[{"taxonomy":"category","embeddable":true,"href":"https:\/\/www.europesays.com\/fr\/wp-json\/wp\/v2\/categories?post=559949"},{"taxonomy":"post_tag","embeddable":true,"href":"https:\/\/www.europesays.com\/fr\/wp-json\/wp\/v2\/tags?post=559949"}],"curies":[{"name":"wp","href":"https:\/\/api.w.org\/{rel}","templated":true}]}}