{"id":559951,"date":"2025-11-26T12:36:14","date_gmt":"2025-11-26T12:36:14","guid":{"rendered":"https:\/\/www.europesays.com\/fr\/559951\/"},"modified":"2025-11-26T12:36:14","modified_gmt":"2025-11-26T12:36:14","slug":"le-bonus-ecologique-pour-lachat-dun-vehicule-electrique-sera-augmente-jusqua-5-700-euros-en-2026-annonce-roland-lescure","status":"publish","type":"post","link":"https:\/\/www.europesays.com\/fr\/559951\/","title":{"rendered":"Le bonus \u00e9cologique pour l\u2019achat d\u2019un v\u00e9hicule \u00e9lectrique sera augment\u00e9 jusqu\u2019\u00e0 5\u00a0700\u00a0euros en\u00a02026, annonce Roland Lescure"},"content":{"rendered":"<p>                      <img loading=\"lazy\" decoding=\"async\" src=\"https:\/\/www.europesays.com\/fr\/wp-content\/uploads\/2025\/11\/9d71cb3_upload-1-xipggsj7unyh-000-36ze3hh.jpg\" alt=\"Sur une cha\u00eene de montage du site de production Ampere ElectriCity du groupe Renault, \u00e0 Douai (Nord), en\u00a0mars 2025.\"   width=\"664\" height=\"443\"\/>    Sur une cha\u00eene de montage du site de production Ampere ElectriCity du groupe Renault, \u00e0 Douai (Nord), en\u00a0mars 2025.  FRANCOIS LO PRESTI\/AFP                            <\/p>\n<p class=\"article__paragraph  \">Le ministre de l\u2019\u00e9conomie a annonc\u00e9 mercredi que le bonus \u00e9cologique pour l\u2019achat d\u2019un v\u00e9hicule \u00e9lectrique serait maintenu en\u00a02026 et augment\u00e9 jusqu\u2019\u00e0 5\u00a0700\u00a0euros. \u00ab\u00a0Je veux qu\u2019on continue \u00e0 soutenir la voiture \u00e9lectrique\u00a0\u00bb, a d\u00e9clar\u00e9 Roland Lescure sur France Inter.<\/p>\n<p class=\"article__paragraph  \">\u00ab\u00a0On prolonge le bonus automobile l\u2019ann\u00e9e prochaine. Il sera m\u00eame augment\u00e9\u00a0: si vous achetez un v\u00e9hicule \u00e9lectrique fait en France, fait en Europe, vous avez jusqu\u2019\u00e0 5\u00a0700\u00a0euros de primes, a d\u00e9velopp\u00e9 le ministre. Aujourd\u2019hui, le v\u00e9hicule \u00e9lectrique le plus vendu en France, c\u2019est une Renault 5 faite \u00e0 Douai. Soyons-en fiers et continuons \u00e0 accompagner ce qu\u2019on appelle l\u2019\u00e9lectrification des usages, de mani\u00e8re \u00e0 ce qu\u2019on continue \u00e0 investir dans l\u2019\u00e9lectricit\u00e9 d\u00e9carbon\u00e9e, pas ch\u00e8re et faite en France.\u00a0\u00bb<\/p>\n<p class=\"article__paragraph  \">Apr\u00e8s de fortes baisses ces derni\u00e8res ann\u00e9es, et surtout la suppression de la prime \u00e0 la casse, le bonus \u00e9cologique pour l\u2019achat d\u2019un v\u00e9hicule \u00e9lectrique avait \u00e9t\u00e9 revaloris\u00e9 le 1er\u00a0juillet, de 200 \u00e0 1\u00a0200\u00a0euros selon les tranches de revenus, pour atteindre une aide de l\u2019ordre de 4\u00a0200\u00a0euros pour les m\u00e9nages les moins riches.<\/p>\n<p class=\"article__paragraph  \">En septembre, le gouvernement avait annonc\u00e9 une \u00ab\u00a0prime compl\u00e9mentaire exceptionnelle\u00a0\u00bb de 1\u00a0000\u00a0euros \u00e0 partir du 1er\u00a0octobre pour l\u2019achat d\u2019une voiture \u00e9lectrique \u00e9quip\u00e9e d\u2019une batterie europ\u00e9enne, afin de \u00ab\u00a0soutenir l\u2019achat de v\u00e9hicules \u00e9lectriques par les m\u00e9nages et la transition de la fili\u00e8re automobile en Europe\u00a0\u00bb. Cette prime s\u2019ajoute au bonus \u00e9cologique en vigueur depuis le 1er\u00a0juillet.<\/p>\n<p>                                         Lire aussi |  Article r\u00e9serv\u00e9 \u00e0 nos abonn\u00e9s  <a href=\"https:\/\/www.lemonde.fr\/economie\/article\/2024\/11\/07\/a-douai-le-poumon-electrique-de-renault_6380766_3234.html\" class=\"js-article-read-also catcher--favoris__link\" data-premium=\"1\" id=\"article-title-3396803\" target=\"_blank\" rel=\"noopener\">A Douai, le poumon \u00e9lectrique de Renault<\/a>    <\/p>\n<p>   Lire plus tard  <\/p>\n<p class=\"author__detail\">  Le Monde avec AFP  <\/p>\n<p>                <a href=\"https:\/\/www.lemonde.fr\/syndication\/\" class=\"reuse__content\" title=\"R\u00e9utiliser ce contenu\" target=\"_blank\" rel=\"noopener\">R\u00e9utiliser ce contenu<\/a>      <\/p>\n","protected":false},"excerpt":{"rendered":"Sur une cha\u00eene de montage du site de production Ampere ElectriCity du groupe Renault, \u00e0 Douai (Nord), en\u00a0mars&hellip;\n","protected":false},"author":2,"featured_media":559952,"comment_status":"","ping_status":"","sticky":false,"template":"","format":"standard","meta":{"footnotes":""},"categories":[6],"tags":[35,33,34,1011,27],"class_list":{"0":"post-559951","1":"post","2":"type-post","3":"status-publish","4":"format-standard","5":"has-post-thumbnail","7":"category-economie","8":"tag-business","9":"tag-economie","10":"tag-economy","11":"tag-fr","12":"tag-france"},"share_on_mastodon":{"url":"https:\/\/pubeurope.com\/@fr\/115616035600468405","error":""},"_links":{"self":[{"href":"https:\/\/www.europesays.com\/fr\/wp-json\/wp\/v2\/posts\/559951","targetHints":{"allow":["GET"]}}],"collection":[{"href":"https:\/\/www.europesays.com\/fr\/wp-json\/wp\/v2\/posts"}],"about":[{"href":"https:\/\/www.europesays.com\/fr\/wp-json\/wp\/v2\/types\/post"}],"author":[{"embeddable":true,"href":"https:\/\/www.europesays.com\/fr\/wp-json\/wp\/v2\/users\/2"}],"replies":[{"embeddable":true,"href":"https:\/\/www.europesays.com\/fr\/wp-json\/wp\/v2\/comments?post=559951"}],"version-history":[{"count":0,"href":"https:\/\/www.europesays.com\/fr\/wp-json\/wp\/v2\/posts\/559951\/revisions"}],"wp:featuredmedia":[{"embeddable":true,"href":"https:\/\/www.europesays.com\/fr\/wp-json\/wp\/v2\/media\/559952"}],"wp:attachment":[{"href":"https:\/\/www.europesays.com\/fr\/wp-json\/wp\/v2\/media?parent=559951"}],"wp:term":[{"taxonomy":"category","embeddable":true,"href":"https:\/\/www.europesays.com\/fr\/wp-json\/wp\/v2\/categories?post=559951"},{"taxonomy":"post_tag","embeddable":true,"href":"https:\/\/www.europesays.com\/fr\/wp-json\/wp\/v2\/tags?post=559951"}],"curies":[{"name":"wp","href":"https:\/\/api.w.org\/{rel}","templated":true}]}}