{"id":559953,"date":"2025-11-26T12:37:11","date_gmt":"2025-11-26T12:37:11","guid":{"rendered":"https:\/\/www.europesays.com\/fr\/559953\/"},"modified":"2025-11-26T12:37:11","modified_gmt":"2025-11-26T12:37:11","slug":"armee-de-sans-abri-formation-militaire-esclavage-sexuel-deux-americains-projetaient-denvahir-une-ile-haitienne","status":"publish","type":"post","link":"https:\/\/www.europesays.com\/fr\/559953\/","title":{"rendered":"Arm\u00e9e de sans-abri, formation militaire, esclavage sexuel\u2026 Deux Am\u00e9ricains projetaient d\u2019envahir une \u00eele ha\u00eftienne"},"content":{"rendered":"<p>Ils voulaient lever une arm\u00e9e, envahir une \u00eele et r\u00e9duire les habitants en esclavage. Il ne s\u2019agit pas d\u2019un livre d\u2019histoire, mais bien des faits reproch\u00e9s \u00e0 deux Am\u00e9ricains d\u2019une vingtaine d\u2019ann\u00e9es, arr\u00eat\u00e9s le 20\u00a0novembre dernier et pr\u00e9sent\u00e9s devant le tribunal du district Est du <a href=\"https:\/\/www.20minutes.fr\/monde\/texas\/\" class=\"c-link c-link--is-underlined\" target=\"_blank\" rel=\"noopener\">Texas<\/a>, aux <a href=\"https:\/\/www.20minutes.fr\/monde\/etats-unis\/\" class=\"c-link c-link--is-underlined\" target=\"_blank\" rel=\"noopener\">Etats-Unis<\/a>.<\/p>\n<p>Selon les informations du <a href=\"https:\/\/www.nytimes.com\/2025\/11\/22\/us\/texas-men-haiti-island-takeover-plot.html\" rel=\"nofollow noopener\" target=\"_blank\" class=\"c-link c-link--is-underlined\">New York Times<\/a>, citant l\u2019acte d\u2019accusation r\u00e9v\u00e9l\u00e9 par les procureurs, Gavin Weisenburg, 21 ans, et Tanner Thomas, 20 ans, fomentaient un coup d\u2019Etat sur l\u2019\u00eele de la Gon\u00e2ve, une <a href=\"https:\/\/www.20minutes.fr\/monde\/haiti\/\" class=\"c-link c-link--is-underlined\" target=\"_blank\" rel=\"noopener\">\u00eele ha\u00eftienne<\/a> peupl\u00e9e par 87.000 habitants. Une fois sur place, ils projetaient de tuer les hommes et de r\u00e9duire les femmes et les enfants en esclaves sexuels.<\/p>\n<p><\/p>\n<p>Une arm\u00e9e de sans-abri<\/p>\n<p>Leur plan \u00e9tait en pr\u00e9paration depuis ao\u00fbt\u00a02024. Gavin Weisenburg avait int\u00e9gr\u00e9 une acad\u00e9mie de formation de pompiers pour y apprendre les \u00ab\u00a0protocoles de commandement et de contr\u00f4le\u00a0\u00bb avant de s\u2019envoler pour la <a href=\"https:\/\/www.20minutes.fr\/monde\/thailande\/\" class=\"c-link c-link--is-underlined\" target=\"_blank\" rel=\"noopener\">Tha\u00eflande<\/a>, afin d\u2019apprendre \u00e0 naviguer. Avec son complice, ils projetaient d\u2019atteindre l\u2019\u00eele de la Gon\u00e2ve \u00e0 la voile. De son c\u00f4t\u00e9, Tanner Thomas avait rejoint l\u2019arm\u00e9e en janvier. Les deux jeunes hommes apprenaient \u00e9galement le cr\u00e9ole ha\u00eftien.<\/p>\n<p>Qui dit coup d\u2019Etat dit arm\u00e9e. Les deux individus projetaient ainsi de recruter des soldats parmi les personnes sans-abri de la r\u00e9gion de <a href=\"https:\/\/www.20minutes.fr\/dossier\/washington\" class=\"c-link c-link--is-underlined\" target=\"_blank\" rel=\"noopener\">Washington<\/a>, afin qu\u2019ils participent \u00e0 l\u2019invasion de l\u2019\u00eele \u00e0 leurs c\u00f4t\u00e9s. Ils s\u2019\u00e9taient \u00e9galement renseign\u00e9s sur les armes et les munitions n\u00e9cessaires.<\/p>\n<p>Les deux hommes ont \u00e9t\u00e9 inculp\u00e9s de \u00ab\u00a0complot en vue de commettre un meurtre ou un enl\u00e8vement \u00e0 l\u2019\u00e9tranger\u00a0\u00bb. Ils sont \u00e9galement accus\u00e9s d\u2019exploitation sexuelle d\u2019enfant apr\u00e8s avoir produit une vid\u00e9o \u00e0 caract\u00e8re p\u00e9dopornographique. Ils risquent la prison \u00e0 vie.<\/p>\n","protected":false},"excerpt":{"rendered":"Ils voulaient lever une arm\u00e9e, envahir une \u00eele et r\u00e9duire les habitants en esclavage. Il ne s\u2019agit pas&hellip;\n","protected":false},"author":2,"featured_media":559954,"comment_status":"","ping_status":"","sticky":false,"template":"","format":"standard","meta":{"footnotes":""},"categories":[5],"tags":[47,11,1813,34231,73,118,1011,27,7760,14,74,15789,12,3926,1684,809,2744,28],"class_list":{"0":"post-559953","1":"post","2":"type-post","3":"status-publish","4":"format-standard","5":"has-post-thumbnail","7":"category-international","8":"tag-actualite","9":"tag-actualites","10":"tag-armee","11":"tag-coup-detat","12":"tag-etats-unis","13":"tag-faits-divers","14":"tag-fr","15":"tag-france","16":"tag-haiti","17":"tag-international","18":"tag-monde","19":"tag-new-york-times","20":"tag-news","21":"tag-texas","22":"tag-thailande","23":"tag-violence","24":"tag-washington","25":"tag-world"},"share_on_mastodon":{"url":"https:\/\/pubeurope.com\/@fr\/115616038526771421","error":""},"_links":{"self":[{"href":"https:\/\/www.europesays.com\/fr\/wp-json\/wp\/v2\/posts\/559953","targetHints":{"allow":["GET"]}}],"collection":[{"href":"https:\/\/www.europesays.com\/fr\/wp-json\/wp\/v2\/posts"}],"about":[{"href":"https:\/\/www.europesays.com\/fr\/wp-json\/wp\/v2\/types\/post"}],"author":[{"embeddable":true,"href":"https:\/\/www.europesays.com\/fr\/wp-json\/wp\/v2\/users\/2"}],"replies":[{"embeddable":true,"href":"https:\/\/www.europesays.com\/fr\/wp-json\/wp\/v2\/comments?post=559953"}],"version-history":[{"count":0,"href":"https:\/\/www.europesays.com\/fr\/wp-json\/wp\/v2\/posts\/559953\/revisions"}],"wp:featuredmedia":[{"embeddable":true,"href":"https:\/\/www.europesays.com\/fr\/wp-json\/wp\/v2\/media\/559954"}],"wp:attachment":[{"href":"https:\/\/www.europesays.com\/fr\/wp-json\/wp\/v2\/media?parent=559953"}],"wp:term":[{"taxonomy":"category","embeddable":true,"href":"https:\/\/www.europesays.com\/fr\/wp-json\/wp\/v2\/categories?post=559953"},{"taxonomy":"post_tag","embeddable":true,"href":"https:\/\/www.europesays.com\/fr\/wp-json\/wp\/v2\/tags?post=559953"}],"curies":[{"name":"wp","href":"https:\/\/api.w.org\/{rel}","templated":true}]}}