{"id":559955,"date":"2025-11-26T12:38:12","date_gmt":"2025-11-26T12:38:12","guid":{"rendered":"https:\/\/www.europesays.com\/fr\/559955\/"},"modified":"2025-11-26T12:38:12","modified_gmt":"2025-11-26T12:38:12","slug":"en-direct-affaire-bygmalion-la-cour-de-cassation-se-prononce-ce-mercredi-sur-le-pourvoi-de-nicolas-sarkozy","status":"publish","type":"post","link":"https:\/\/www.europesays.com\/fr\/559955\/","title":{"rendered":"EN DIRECT &#8211; Affaire Bygmalion : la Cour de cassation se prononce ce mercredi sur le pourvoi de Nicolas Sarkozy"},"content":{"rendered":"<p>    &#8211; Dans\u00a0<a href=\"http:\/\/www.lefigaro.fr\/actualite-france\/affaire-bygmalion-nicolas-sarkozy-joue-sa-derniere-carte-judiciaire-20251007\" data-fig-type=\"Article\" data-fig-domain=\"LEFIGARO\" target=\"_blank\" rel=\"noopener\">l\u2019affaire Bygmalion<\/a>, Nicolas Sarkozy a \u00e9t\u00e9 condamn\u00e9 le 14 f\u00e9vrier 2024 par la cour d\u2019appel de Paris \u00e0 un an d\u2019emprisonnement dont six mois ferme pour le financement ill\u00e9gal de sa campagne pr\u00e9sidentielle perdue de 2012.<br \/>&#8211; Pass\u00e9e au second plan avec\u00a0<a href=\"http:\/\/www.lefigaro.fr\/actualite-france\/nicolas-sarkozy-en-prison-une-premiere-historique-pour-un-dirigeant-europeen-20251021\" data-fig-type=\"NewsFlash\" data-fig-domain=\"LEFIGARO\" target=\"_blank\" rel=\"noopener\">l\u2019incarc\u00e9ration de l\u2019ancien chef de l\u2019\u00c9tat\u00a0<\/a>\u00e0 la prison parisienne de la Sant\u00e9, cette proc\u00e9dure en cassation, qui a suspendu la peine prononc\u00e9e \u00e0 son encontre, est l\u2019ultime recours en droit fran\u00e7ais dans ce dossier.<br \/>&#8211; Si la Cour de cassation rejette le pourvoi, comme l\u2019a pr\u00e9conis\u00e9 l\u2019avocate g\u00e9n\u00e9rale \u00e0 l\u2019audience du 8 octobre, l\u2019affaire Bygmalion deviendra la deuxi\u00e8me condamnation p\u00e9nale d\u00e9finitive au\u00a0<a href=\"http:\/\/www.lefigaro.fr\/actualite-france\/affaire-bygmalion-decision-en-cassation-attendue-ce-mercredi-pour-nicolas-sarkozy-20251125\" data-fig-type=\"Article\" data-fig-domain=\"LEFIGARO\" target=\"_blank\" rel=\"noopener\">casier judiciaire de Nicolas Sarkozy<\/a>, apr\u00e8s celle de l\u2019affaire des \u00e9coutes.<br \/>&#8211; En revanche, si elle reconna\u00eet le bien-fond\u00e9 de la requ\u00eate, la plus haute juridiction fran\u00e7aise, qui juge le seul respect du droit et non le fond des dossiers, pourrait ordonner un nouveau proc\u00e8s.<\/p>\n","protected":false},"excerpt":{"rendered":"&#8211; Dans\u00a0l\u2019affaire Bygmalion, Nicolas Sarkozy a \u00e9t\u00e9 condamn\u00e9 le 14 f\u00e9vrier 2024 par la cour d\u2019appel de Paris&hellip;\n","protected":false},"author":2,"featured_media":559956,"comment_status":"","ping_status":"","sticky":false,"template":"","format":"standard","meta":{"footnotes":""},"categories":[4],"tags":[47,1058,1054,1059,1060,1055,11,8424,1057,118,1011,27,1061,303,12,3091,1062,25,656,104,1056,809],"class_list":{"0":"post-559955","1":"post","2":"type-post","3":"status-publish","4":"format-standard","5":"has-post-thumbnail","7":"category-france","8":"tag-actualite","9":"tag-actualite-education","10":"tag-actualite-france","11":"tag-actualite-justice","12":"tag-actualite-securite","13":"tag-actualite-societe","14":"tag-actualites","15":"tag-cour-de-cassation","16":"tag-education","17":"tag-faits-divers","18":"tag-fr","19":"tag-france","20":"tag-immigration","21":"tag-justice","22":"tag-news","23":"tag-nicolas-sarkozy","24":"tag-polemique","25":"tag-republique-francaise","26":"tag-securite","27":"tag-societe","28":"tag-societe-francaise","29":"tag-violence"},"share_on_mastodon":{"url":"https:\/\/pubeurope.com\/@fr\/115616042514445656","error":""},"_links":{"self":[{"href":"https:\/\/www.europesays.com\/fr\/wp-json\/wp\/v2\/posts\/559955","targetHints":{"allow":["GET"]}}],"collection":[{"href":"https:\/\/www.europesays.com\/fr\/wp-json\/wp\/v2\/posts"}],"about":[{"href":"https:\/\/www.europesays.com\/fr\/wp-json\/wp\/v2\/types\/post"}],"author":[{"embeddable":true,"href":"https:\/\/www.europesays.com\/fr\/wp-json\/wp\/v2\/users\/2"}],"replies":[{"embeddable":true,"href":"https:\/\/www.europesays.com\/fr\/wp-json\/wp\/v2\/comments?post=559955"}],"version-history":[{"count":0,"href":"https:\/\/www.europesays.com\/fr\/wp-json\/wp\/v2\/posts\/559955\/revisions"}],"wp:featuredmedia":[{"embeddable":true,"href":"https:\/\/www.europesays.com\/fr\/wp-json\/wp\/v2\/media\/559956"}],"wp:attachment":[{"href":"https:\/\/www.europesays.com\/fr\/wp-json\/wp\/v2\/media?parent=559955"}],"wp:term":[{"taxonomy":"category","embeddable":true,"href":"https:\/\/www.europesays.com\/fr\/wp-json\/wp\/v2\/categories?post=559955"},{"taxonomy":"post_tag","embeddable":true,"href":"https:\/\/www.europesays.com\/fr\/wp-json\/wp\/v2\/tags?post=559955"}],"curies":[{"name":"wp","href":"https:\/\/api.w.org\/{rel}","templated":true}]}}