{"id":559957,"date":"2025-11-26T12:39:16","date_gmt":"2025-11-26T12:39:16","guid":{"rendered":"https:\/\/www.europesays.com\/fr\/559957\/"},"modified":"2025-11-26T12:39:16","modified_gmt":"2025-11-26T12:39:16","slug":"le-suspect-a-ete-retrouve-pendu-a-un-arbre","status":"publish","type":"post","link":"https:\/\/www.europesays.com\/fr\/559957\/","title":{"rendered":"le suspect a \u00e9t\u00e9 retrouv\u00e9 pendu \u00e0 un arbre"},"content":{"rendered":"<p>                    Par<br \/>\n        <strong><br \/>\n            <a href=\"https:\/\/actu.fr\/auteur\/journaliste-cp\" title=\"Consulter tous les articles de R\u00e9daction Courrier du Pays de Retz\" target=\"_blank\" rel=\"noopener\">R\u00e9daction Courrier du Pays de Retz<\/a><br \/>\n                    <\/strong><\/p>\n<p>        Publi\u00e9 le<\/p>\n<p>            26 nov. 2025 \u00e0 10h39<br \/>\n        ; mis \u00e0 jour le 26 nov. 2025 \u00e0 12h40    <\/p>\n<p>Le suspect soup\u00e7onn\u00e9 d\u2019avoir mortellement poignard\u00e9 son ex-conjointe a \u00e9t\u00e9 retrouv\u00e9 <b>pendu \u00e0 un arbre<\/b>, \u00e0 <b>Trentemoul<\/b>t, \u00e0 <a href=\"https:\/\/actu.fr\/pays-de-la-loire\/reze_44143\" target=\"_blank\" rel=\"noopener\">Rez\u00e9<\/a> (Loire-Atlantique), selon une information de <a href=\"https:\/\/www.ouest-france.fr\/faits-divers\/feminicide\/feminicide-en-loire-atlantique-le-suspect-retrouve-pendu-ce-mercredi-matin-0f3dfd2c-cab8-11f0-8e72-0bb15ba0f998\" target=\"_blank\" rel=\"noopener\">Ouest-France<\/a>\u00a0publi\u00e9e ce mercredi 26 novembre 2025 midi, non encore confirm\u00e9e officiellement par la gendarmerie ou le parquet de Nantes.<\/p>\n<p class=\" wall-content\">\u00c0 la suite de <a href=\"https:\/\/actu.fr\/pays-de-la-loire\/saint-colomban_44155\/tragedie-en-loire-atlantique-une-femme-de-53-ans-victime-dune-agression-mortelle-a-larme-blanche_63488931.html\" target=\"_blank\" rel=\"noopener\">l\u2019agression mortelle d\u2019une femme par arme blanche<\/a>, mardi 25\u00a0novembre 2025 au soir, \u00e0 <a href=\"https:\/\/actu.fr\/pays-de-la-loire\/saint-colomban_44155\" target=\"_blank\" rel=\"noopener\">Saint-Colomban<\/a> (Loire-Atlantique), les <b>gendarmes<\/b> ont investi ce mercredi 26\u00a0novembre au matin le hameau Le Haut Roquette o\u00f9 s\u2019est d\u00e9roul\u00e9 le drame.<\/p>\n<p class=\" wall-content\">Toujours selon <a href=\"https:\/\/www.ouest-france.fr\/faits-divers\/feminicide\/une-femme-tuee-par-arme-blanche-mardi-soir-au-sud-de-nantes-un-suspect-activement-recherche-68e8d3fa-ca96-11f0-a0e6-83b9718ad3c0\" target=\"_blank\" rel=\"noopener\">Ouest-France<\/a>, la victime \u00e2g\u00e9e de 53\u00a0ans \u00e9tait <b>chez sa fille<\/b> pour assister \u00e0 une f\u00eate d\u2019anniversaire, lorsqu\u2019un homme non invit\u00e9 est survenu.<\/p>\n<p>Parti \u00e0 pied puis en voiture<\/p>\n<p class=\" wall-content\">La quinquag\u00e9naire a re\u00e7u <b>plusieurs coups de couteau<\/b> \u00ab\u2009\u00e0 l\u2019ext\u00e9rieur de l\u2019habitation\u2009\u00bb. Une autopsie est programm\u00e9e ce vendredi 28\u00a0novembre 2025.<\/p>\n<p class=\" wall-content\">L\u2019ex-conjoint de la victime \u00ab\u2009est parti \u00e0 pied, puis en voiture\u2009\u00bb. <b>Antoine Leroy<\/b>, procureur de la R\u00e9publique de Nantes, avait alors pr\u00e9cis\u00e9 qu\u2019il \u00e9tait recherch\u00e9 par les gendarmes au moyen d\u2019un \u00ab\u2009gros dispositif\u2009\u00bb, sous l\u2019\u00e9gide de la brigade de recherches de Rez\u00e9 et de la section de recherches de Nantes.<\/p>\n<p class=\" wall-content\">Personnalisez votre actualit\u00e9 en ajoutant vos villes et m\u00e9dias en favori avec <a href=\"https:\/\/moncompte.actu.fr\" title=\"D\u00e9couvez Mon Actu\" rel=\"nofollow noopener\" data-trk=\"{&quot;cta&quot;:{&quot;action&quot;:&quot;https:\\\/\\\/moncompte.actu.fr&quot;,&quot;category&quot;:&quot;mon compte&quot;,&quot;from&quot;:&quot;article footer&quot;,&quot;name&quot;:&quot;Mon actu&quot;,&quot;type&quot;:&quot;cta&quot;}}\" target=\"_blank\">Mon Actu<\/a>.<\/p>\n","protected":false},"excerpt":{"rendered":"Par R\u00e9daction Courrier du Pays de Retz Publi\u00e9 le 26 nov. 2025 \u00e0 10h39 ; mis \u00e0 jour&hellip;\n","protected":false},"author":2,"featured_media":559958,"comment_status":"","ping_status":"","sticky":false,"template":"","format":"standard","meta":{"footnotes":""},"categories":[2],"tags":[11,118,1011,27,3381,12,41196,798],"class_list":{"0":"post-559957","1":"post","2":"type-post","3":"status-publish","4":"format-standard","5":"has-post-thumbnail","7":"category-actualites","8":"tag-actualites","9":"tag-faits-divers","10":"tag-fr","11":"tag-france","12":"tag-gendarmerie","13":"tag-news","14":"tag-pays-de-retz","15":"tag-violences-conjugales"},"share_on_mastodon":{"url":"https:\/\/pubeurope.com\/@fr\/115616046399100055","error":""},"_links":{"self":[{"href":"https:\/\/www.europesays.com\/fr\/wp-json\/wp\/v2\/posts\/559957","targetHints":{"allow":["GET"]}}],"collection":[{"href":"https:\/\/www.europesays.com\/fr\/wp-json\/wp\/v2\/posts"}],"about":[{"href":"https:\/\/www.europesays.com\/fr\/wp-json\/wp\/v2\/types\/post"}],"author":[{"embeddable":true,"href":"https:\/\/www.europesays.com\/fr\/wp-json\/wp\/v2\/users\/2"}],"replies":[{"embeddable":true,"href":"https:\/\/www.europesays.com\/fr\/wp-json\/wp\/v2\/comments?post=559957"}],"version-history":[{"count":0,"href":"https:\/\/www.europesays.com\/fr\/wp-json\/wp\/v2\/posts\/559957\/revisions"}],"wp:featuredmedia":[{"embeddable":true,"href":"https:\/\/www.europesays.com\/fr\/wp-json\/wp\/v2\/media\/559958"}],"wp:attachment":[{"href":"https:\/\/www.europesays.com\/fr\/wp-json\/wp\/v2\/media?parent=559957"}],"wp:term":[{"taxonomy":"category","embeddable":true,"href":"https:\/\/www.europesays.com\/fr\/wp-json\/wp\/v2\/categories?post=559957"},{"taxonomy":"post_tag","embeddable":true,"href":"https:\/\/www.europesays.com\/fr\/wp-json\/wp\/v2\/tags?post=559957"}],"curies":[{"name":"wp","href":"https:\/\/api.w.org\/{rel}","templated":true}]}}