{"id":559959,"date":"2025-11-26T12:40:13","date_gmt":"2025-11-26T12:40:13","guid":{"rendered":"https:\/\/www.europesays.com\/fr\/559959\/"},"modified":"2025-11-26T12:40:13","modified_gmt":"2025-11-26T12:40:13","slug":"le-dossier-au-programme-des-assises","status":"publish","type":"post","link":"https:\/\/www.europesays.com\/fr\/559959\/","title":{"rendered":"le dossier au programme des assises"},"content":{"rendered":"<p>C\u2019est le sixi\u00e8me dossier inscrit au r\u00f4le de la session de novembre et d\u00e9cembre de la cour d\u2019assises\/cour criminelle de la Loire\u00a0: une affaire de viols et agressions sexuelles commis sur personne vuln\u00e9rable.<\/p>\n<p>Le lieu o\u00f9 les faits se seraient d\u00e9roul\u00e9s pose question\u00a0: l\u2019h\u00f4pital. Le 16\u00a0novembre 2023, le parquet de Saint-\u00c9tienne a ouvert une enqu\u00eate apr\u00e8s r\u00e9ception de plusieurs signalements \u00e9manant notamment du CHU de Saint-Priest-en-Jarez.<\/p>\n<p>Ces signalements concernaient des faits de violences sexuelles qui auraient \u00e9t\u00e9 perp\u00e9tr\u00e9s par un patient sur des patientes vuln\u00e9rables au sein du service de psychiatrie.<\/p>\n<p>Un proc\u00e8s \u00e0 huis clos si les victimes le demandent<\/p>\n<p>Les diff\u00e9rents rapports du centre hospitalier, les auditions des victimes et leurs expertises psychologiques ont permis de constater la constance des d\u00e9clarations des plaignantes, qui mentionnaient un mode op\u00e9ratoire pr\u00e9cis concernant les faits litigieux.<\/p>\n<p>Les faits d\u00e9nonc\u00e9s \u00e9taient des actes de p\u00e9n\u00e9tration sexuelle mais aussi des attouchements sexuels. Les investigations men\u00e9es par le commissariat de police de Saint-\u00c9tienne, charg\u00e9 de l\u2019enqu\u00eate, ont permis de constater l\u2019\u00e9tat de vuln\u00e9rabilit\u00e9 des victimes.<\/p>\n<p>Le dossier sera jug\u00e9 par la cour criminelle d\u00e9partementale les 2 et 3\u00a0d\u00e9cembre. Si les victimes demandent le huis clos, il sera de droit.<\/p>\n","protected":false},"excerpt":{"rendered":"C\u2019est le sixi\u00e8me dossier inscrit au r\u00f4le de la session de novembre et d\u00e9cembre de la cour d\u2019assises\/cour&hellip;\n","protected":false},"author":2,"featured_media":559960,"comment_status":"","ping_status":"","sticky":false,"template":"","format":"standard","meta":{"footnotes":""},"categories":[9653],"tags":[1111,11,2430,271,272,7539,1777,674,274,107,1011,27,3367,12,25,4001,7538],"class_list":{"0":"post-559959","1":"post","2":"type-post","3":"status-publish","4":"format-standard","5":"has-post-thumbnail","7":"category-saint-etienne","8":"tag-actu","9":"tag-actualites","10":"tag-auvergne-rhone-alpes","11":"tag-crime","12":"tag-delit-et-contravention","13":"tag-edition-loire-sud","14":"tag-eu","15":"tag-europe","16":"tag-faits-divers-justice","17":"tag-fil-info","18":"tag-fr","19":"tag-france","20":"tag-loire","21":"tag-news","22":"tag-republique-francaise","23":"tag-saint-etienne","24":"tag-saint-etienne-ville"},"share_on_mastodon":{"url":"https:\/\/pubeurope.com\/@fr\/115616050481813277","error":""},"_links":{"self":[{"href":"https:\/\/www.europesays.com\/fr\/wp-json\/wp\/v2\/posts\/559959","targetHints":{"allow":["GET"]}}],"collection":[{"href":"https:\/\/www.europesays.com\/fr\/wp-json\/wp\/v2\/posts"}],"about":[{"href":"https:\/\/www.europesays.com\/fr\/wp-json\/wp\/v2\/types\/post"}],"author":[{"embeddable":true,"href":"https:\/\/www.europesays.com\/fr\/wp-json\/wp\/v2\/users\/2"}],"replies":[{"embeddable":true,"href":"https:\/\/www.europesays.com\/fr\/wp-json\/wp\/v2\/comments?post=559959"}],"version-history":[{"count":0,"href":"https:\/\/www.europesays.com\/fr\/wp-json\/wp\/v2\/posts\/559959\/revisions"}],"wp:featuredmedia":[{"embeddable":true,"href":"https:\/\/www.europesays.com\/fr\/wp-json\/wp\/v2\/media\/559960"}],"wp:attachment":[{"href":"https:\/\/www.europesays.com\/fr\/wp-json\/wp\/v2\/media?parent=559959"}],"wp:term":[{"taxonomy":"category","embeddable":true,"href":"https:\/\/www.europesays.com\/fr\/wp-json\/wp\/v2\/categories?post=559959"},{"taxonomy":"post_tag","embeddable":true,"href":"https:\/\/www.europesays.com\/fr\/wp-json\/wp\/v2\/tags?post=559959"}],"curies":[{"name":"wp","href":"https:\/\/api.w.org\/{rel}","templated":true}]}}