{"id":559961,"date":"2025-11-26T12:41:14","date_gmt":"2025-11-26T12:41:14","guid":{"rendered":"https:\/\/www.europesays.com\/fr\/559961\/"},"modified":"2025-11-26T12:41:14","modified_gmt":"2025-11-26T12:41:14","slug":"saint-etienne-apres-le-centre-ville-lenseigne-de-cosmetiques-rituals-a-ouvert-une-deuxieme-boutique-a-steel","status":"publish","type":"post","link":"https:\/\/www.europesays.com\/fr\/559961\/","title":{"rendered":"Saint-\u00c9tienne. Apr\u00e8s le centre-ville, l&rsquo;enseigne de cosm\u00e9tiques Rituals a ouvert une deuxi\u00e8me boutique \u00e0 Steel"},"content":{"rendered":"<p>Trois ans et demi apr\u00e8s l\u2019ouverture d\u2019un premier magasin st\u00e9phanois dans la rue du G\u00e9n\u00e9ral-Foy, Rituals vient de s\u2019installer \u00e0 Steel, dans un local de 200 m2\u00a0qui \u00e9tait libre depuis le d\u00e9m\u00e9nagement de Superdry sur une autre cellule du centre commercial (pr\u00e8s de Zara).<\/p>\n<p>Cette cr\u00e9ation est annonc\u00e9e comme relevant de la strat\u00e9gie de d\u00e9veloppement de l\u2019enseigne et non comme un projet de fermeture du magasin du centre-ville. C\u2019est du moins <a href=\"https:\/\/www.leprogres.fr\/economie\/2024\/09\/15\/steel-a-accueilli-23-millions-de-visiteurs-en-quatre-ans\" target=\"_blank\" rel=\"noopener\">ce que nous avait confi\u00e9 Josselin Durand, directeur de Steel<\/a>, en septembre dernier.<\/p>\n<p>  Produits pour le bain, le corps et la maison<\/p>\n<p>Rituals affiche fi\u00e8rement sa philosophie\u00a0: \u00ab\u00a0Transformer les routines du quotidien en moments riches de sens.\u00a0\u00bb L\u2019enseigne est ax\u00e9e sur le bien-\u00eatre et propose une offre de produits pour le bain, le corps et la maison, ainsi que des v\u00eatements d\u2019int\u00e9rieur.<\/p>\n<p>La communication de la marque met en avant une d\u00e9marche durable et un objectif de 90\u00a0% de produits d\u2019origine naturelle, ainsi que des packagings rechargeables, recyclables ou fabriqu\u00e9s en mat\u00e9riaux recycl\u00e9s. L\u2019enseigne propose plusieurs collections \u00ab\u00a0inspir\u00e9es d\u2019une tradition ancestrale\u00a0\u00bb avec des senteurs \u00ab\u00a0s\u00e9lectionn\u00e9es pour leurs bienfaits sur le corps et l\u2019esprit\u00a0\u00bb.<\/p>\n<p>La marque Rituals, cr\u00e9\u00e9e en 2000 \u00e0 Amsterdam, affiche depuis vingt-cinq ans un d\u00e9veloppement constant\u00a0: elle est pr\u00e9sente dans 33 pays avec plus de 1\u00a0000 boutiques. Elle est implant\u00e9e en France depuis 2015.<\/p>\n","protected":false},"excerpt":{"rendered":"Trois ans et demi apr\u00e8s l\u2019ouverture d\u2019un premier magasin st\u00e9phanois dans la rue du G\u00e9n\u00e9ral-Foy, Rituals vient de&hellip;\n","protected":false},"author":2,"featured_media":559962,"comment_status":"","ping_status":"","sticky":false,"template":"","format":"standard","meta":{"footnotes":""},"categories":[9653],"tags":[1111,11,2430,4406,33,7539,1777,674,1011,27,12,25,4001,7538],"class_list":{"0":"post-559961","1":"post","2":"type-post","3":"status-publish","4":"format-standard","5":"has-post-thumbnail","7":"category-saint-etienne","8":"tag-actu","9":"tag-actualites","10":"tag-auvergne-rhone-alpes","11":"tag-commerce-et-services","12":"tag-economie","13":"tag-edition-loire-sud","14":"tag-eu","15":"tag-europe","16":"tag-fr","17":"tag-france","18":"tag-news","19":"tag-republique-francaise","20":"tag-saint-etienne","21":"tag-saint-etienne-ville"},"share_on_mastodon":{"url":"https:\/\/pubeurope.com\/@fr\/115616054377973778","error":""},"_links":{"self":[{"href":"https:\/\/www.europesays.com\/fr\/wp-json\/wp\/v2\/posts\/559961","targetHints":{"allow":["GET"]}}],"collection":[{"href":"https:\/\/www.europesays.com\/fr\/wp-json\/wp\/v2\/posts"}],"about":[{"href":"https:\/\/www.europesays.com\/fr\/wp-json\/wp\/v2\/types\/post"}],"author":[{"embeddable":true,"href":"https:\/\/www.europesays.com\/fr\/wp-json\/wp\/v2\/users\/2"}],"replies":[{"embeddable":true,"href":"https:\/\/www.europesays.com\/fr\/wp-json\/wp\/v2\/comments?post=559961"}],"version-history":[{"count":0,"href":"https:\/\/www.europesays.com\/fr\/wp-json\/wp\/v2\/posts\/559961\/revisions"}],"wp:featuredmedia":[{"embeddable":true,"href":"https:\/\/www.europesays.com\/fr\/wp-json\/wp\/v2\/media\/559962"}],"wp:attachment":[{"href":"https:\/\/www.europesays.com\/fr\/wp-json\/wp\/v2\/media?parent=559961"}],"wp:term":[{"taxonomy":"category","embeddable":true,"href":"https:\/\/www.europesays.com\/fr\/wp-json\/wp\/v2\/categories?post=559961"},{"taxonomy":"post_tag","embeddable":true,"href":"https:\/\/www.europesays.com\/fr\/wp-json\/wp\/v2\/tags?post=559961"}],"curies":[{"name":"wp","href":"https:\/\/api.w.org\/{rel}","templated":true}]}}