{"id":559973,"date":"2025-11-26T12:48:13","date_gmt":"2025-11-26T12:48:13","guid":{"rendered":"https:\/\/www.europesays.com\/fr\/559973\/"},"modified":"2025-11-26T12:48:13","modified_gmt":"2025-11-26T12:48:13","slug":"pres-de-rouen-les-mains-de-camille-ou-lhistoire-exhumee-de-camille-claudel","status":"publish","type":"post","link":"https:\/\/www.europesays.com\/fr\/559973\/","title":{"rendered":"Pr\u00e8s de Rouen. \u00ab\u00a0Les Mains de Camille\u00a0\u00bb, ou l&rsquo;histoire exhum\u00e9e de Camille Claudel"},"content":{"rendered":"<p melodystyle=\"texte\">Imagin\u00e9 en 2012 par la compagnie Les Anges aux plafonds, le spectacle Les Mains de Camille est interpr\u00e9t\u00e9 sur sc\u00e8ne par quatre artistes f\u00e9minines, marionnettiste, musicienne, chanteuse et narratrice. Ce ch\u0153ur de femmes ressuscite Camille Claudel, muse de Rodin, jet\u00e9e dans l&rsquo;ombre bien qu&rsquo;elle ait elle-m\u00eame largement particip\u00e9 \u00e0 la production de chefs-d&rsquo;\u0153uvre du ma\u00eetre. \u00ab\u00a0La pi\u00e8ce est un biopic, explique Brice Berthoud, metteur en sc\u00e8ne et cocr\u00e9ateur avec Camille Trouv\u00e9 de la pi\u00e8ce. Tout commence par son internement. Et, par un flash-back, nous revenons sur son parcours de femme sculpteur \u00e0 l&rsquo;\u00e9poque o\u00f9 l&rsquo;Acad\u00e9mie des beaux-arts \u00e9tait interdite aux femmes, tout comme le travail du marbre.\u00a0\u00bb A l&rsquo;aide de marionnettes \u00e0 taille humaine, faites de papier, manipul\u00e9es selon la technique du Bunraku (l&rsquo;interpr\u00e8te pr\u00eate un de ses membres \u00e0 la marionnette, main ou jambe) son histoire sort de l&rsquo;ombre\u00a0!<\/p>\n<p style=\"font-weight:bold;color:#000;\">Pratique. Du 26 au 29 novembre et du 2 au 6 d\u00e9cembre, Espace Marc-Sangnier \u00e0 Mont-St-Aignan. 1 \u00e0 15\u20ac. <a href=\"https:\/\/www.cdn-normandierouen.fr\/\" target=\"_blank\" rel=\"noopener\">cdn-normandierouen.fr<\/a>.<\/p>\n","protected":false},"excerpt":{"rendered":"Imagin\u00e9 en 2012 par la compagnie Les Anges aux plafonds, le spectacle Les Mains de Camille est interpr\u00e9t\u00e9&hellip;\n","protected":false},"author":2,"featured_media":559974,"comment_status":"","ping_status":"","sticky":false,"template":"","format":"standard","meta":{"footnotes":""},"categories":[9587],"tags":[1111,11,1777,674,1011,27,12,5161,25,9590],"class_list":{"0":"post-559973","1":"post","2":"type-post","3":"status-publish","4":"format-standard","5":"has-post-thumbnail","7":"category-rouen","8":"tag-actu","9":"tag-actualites","10":"tag-eu","11":"tag-europe","12":"tag-fr","13":"tag-france","14":"tag-news","15":"tag-normandie","16":"tag-republique-francaise","17":"tag-rouen"},"share_on_mastodon":{"url":"https:\/\/pubeurope.com\/@fr\/115616081903509407","error":""},"_links":{"self":[{"href":"https:\/\/www.europesays.com\/fr\/wp-json\/wp\/v2\/posts\/559973","targetHints":{"allow":["GET"]}}],"collection":[{"href":"https:\/\/www.europesays.com\/fr\/wp-json\/wp\/v2\/posts"}],"about":[{"href":"https:\/\/www.europesays.com\/fr\/wp-json\/wp\/v2\/types\/post"}],"author":[{"embeddable":true,"href":"https:\/\/www.europesays.com\/fr\/wp-json\/wp\/v2\/users\/2"}],"replies":[{"embeddable":true,"href":"https:\/\/www.europesays.com\/fr\/wp-json\/wp\/v2\/comments?post=559973"}],"version-history":[{"count":0,"href":"https:\/\/www.europesays.com\/fr\/wp-json\/wp\/v2\/posts\/559973\/revisions"}],"wp:featuredmedia":[{"embeddable":true,"href":"https:\/\/www.europesays.com\/fr\/wp-json\/wp\/v2\/media\/559974"}],"wp:attachment":[{"href":"https:\/\/www.europesays.com\/fr\/wp-json\/wp\/v2\/media?parent=559973"}],"wp:term":[{"taxonomy":"category","embeddable":true,"href":"https:\/\/www.europesays.com\/fr\/wp-json\/wp\/v2\/categories?post=559973"},{"taxonomy":"post_tag","embeddable":true,"href":"https:\/\/www.europesays.com\/fr\/wp-json\/wp\/v2\/tags?post=559973"}],"curies":[{"name":"wp","href":"https:\/\/api.w.org\/{rel}","templated":true}]}}