{"id":559975,"date":"2025-11-26T12:49:25","date_gmt":"2025-11-26T12:49:25","guid":{"rendered":"https:\/\/www.europesays.com\/fr\/559975\/"},"modified":"2025-11-26T12:49:25","modified_gmt":"2025-11-26T12:49:25","slug":"rouen-lance-un-nouvel-appel-a-projets-pour-soutenir-leconomie-sociale-et-solidaire","status":"publish","type":"post","link":"https:\/\/www.europesays.com\/fr\/559975\/","title":{"rendered":"Rouen lance un nouvel appel \u00e0 projets pour soutenir l\u2019\u00e9conomie sociale et solidaire"},"content":{"rendered":"<p>La Ville de Rouen relance fin octobre son appel \u00e0 projets Rouen Transitions ESS pour l\u2019ann\u00e9e 2025. Dot\u00e9 de 8 000 euros, il vise \u00e0 soutenir des initiatives associatives r\u00e9pondant \u00e0 des enjeux sociaux ou environnementaux.\u00a0Les associations rouennaises, ou celles dont l\u2019action rayonne localement, peuvent candidater jusqu\u2019au vendredi 12 d\u00e9cembre.<\/p>\n<p>&#13;<br \/>\nL\u2019appel \u00e0 projets couvre aussi bien la conception que la mise en \u0153uvre d\u2019actions nouvelles. Les dossiers seront examin\u00e9s le vendredi 9 janvier 2026 par un jury compos\u00e9 d\u2019\u00e9lus de la Ville et de repr\u00e9sentants des r\u00e9seaux de l\u2019\u00e9conomie sociale et solidaire. Les r\u00e9sultats seront valid\u00e9s par le conseil municipal le jeudi 12 f\u00e9vrier 2026.<\/p>\n<p>Cette s\u00e9lection s\u2019appuie sur quatre crit\u00e8res : viabilit\u00e9 \u00e9conomique, innovation, contribution territoriale et effet incitatif de la subvention. Les associations doivent \u00e9galement apporter au minimum dix pourcent du budget global.<\/p>\n<p>&#13;<br \/>\nLe second appel \u00e0 projets de l\u2019ann\u00e9e, valid\u00e9 le 20 novembre dernier, a distingu\u00e9 trois initiatives locales :\u00a0A2mains\u00a0pour d\u00e9velopper une s\u00e9rie d\u2019ateliers de Langue des Signes Fran\u00e7aise destin\u00e9s aux seniors et aux personnes malentendantes ;\u00a0Les vagabonds de l\u2019\u00e9nergie\u00a0pour l\u2019acquisition d\u2019un kit de fabrication d\u2019un Vh\u00e9lio, v\u00e9hicule \u00e9lectrique interm\u00e9diaire fonctionnant \u00e0 l\u2019\u00e9nergie solaire et partag\u00e9 avec d\u2019autres acteurs locaux et\u00a0Mobil\u2019Art\u00a0pour la cr\u00e9ation d\u2019une mat\u00e9riauth\u00e8que mobile destin\u00e9e \u00e0 ses ateliers d\u2019art th\u00e9rapie fond\u00e9s sur le r\u00e9emploi.\u00a0<\/p>\n<p>Au total, six projets ont \u00e9t\u00e9 soutenus en 2025, pour un montant global de 22 610\u00a0euros.<\/p>\n","protected":false},"excerpt":{"rendered":"La Ville de Rouen relance fin octobre son appel \u00e0 projets Rouen Transitions ESS pour l\u2019ann\u00e9e 2025. Dot\u00e9&hellip;\n","protected":false},"author":2,"featured_media":559976,"comment_status":"","ping_status":"","sticky":false,"template":"","format":"standard","meta":{"footnotes":""},"categories":[9587],"tags":[1111,11,1777,674,1011,27,12,5161,25,9590],"class_list":{"0":"post-559975","1":"post","2":"type-post","3":"status-publish","4":"format-standard","5":"has-post-thumbnail","7":"category-rouen","8":"tag-actu","9":"tag-actualites","10":"tag-eu","11":"tag-europe","12":"tag-fr","13":"tag-france","14":"tag-news","15":"tag-normandie","16":"tag-republique-francaise","17":"tag-rouen"},"share_on_mastodon":{"url":"https:\/\/pubeurope.com\/@fr\/115616085804698333","error":""},"_links":{"self":[{"href":"https:\/\/www.europesays.com\/fr\/wp-json\/wp\/v2\/posts\/559975","targetHints":{"allow":["GET"]}}],"collection":[{"href":"https:\/\/www.europesays.com\/fr\/wp-json\/wp\/v2\/posts"}],"about":[{"href":"https:\/\/www.europesays.com\/fr\/wp-json\/wp\/v2\/types\/post"}],"author":[{"embeddable":true,"href":"https:\/\/www.europesays.com\/fr\/wp-json\/wp\/v2\/users\/2"}],"replies":[{"embeddable":true,"href":"https:\/\/www.europesays.com\/fr\/wp-json\/wp\/v2\/comments?post=559975"}],"version-history":[{"count":0,"href":"https:\/\/www.europesays.com\/fr\/wp-json\/wp\/v2\/posts\/559975\/revisions"}],"wp:featuredmedia":[{"embeddable":true,"href":"https:\/\/www.europesays.com\/fr\/wp-json\/wp\/v2\/media\/559976"}],"wp:attachment":[{"href":"https:\/\/www.europesays.com\/fr\/wp-json\/wp\/v2\/media?parent=559975"}],"wp:term":[{"taxonomy":"category","embeddable":true,"href":"https:\/\/www.europesays.com\/fr\/wp-json\/wp\/v2\/categories?post=559975"},{"taxonomy":"post_tag","embeddable":true,"href":"https:\/\/www.europesays.com\/fr\/wp-json\/wp\/v2\/tags?post=559975"}],"curies":[{"name":"wp","href":"https:\/\/api.w.org\/{rel}","templated":true}]}}