{"id":559977,"date":"2025-11-26T12:50:18","date_gmt":"2025-11-26T12:50:18","guid":{"rendered":"https:\/\/www.europesays.com\/fr\/559977\/"},"modified":"2025-11-26T12:50:18","modified_gmt":"2025-11-26T12:50:18","slug":"les-organisations-syndicales-lancent-une-petition-pour-maintenir-la-gratuite-des-ecoles-dingenieurs","status":"publish","type":"post","link":"https:\/\/www.europesays.com\/fr\/559977\/","title":{"rendered":"les organisations syndicales lancent une p\u00e9tition pour maintenir la gratuit\u00e9 des \u00e9coles d&rsquo;ing\u00e9nieurs"},"content":{"rendered":"<p>\n\t\t\t\t\t\t\t\t\t\t\t\t\t26 Novembre 2025\n\t\t\t\t\t\t\t\t\t\t\t\t<\/p>\n<p>\t\t\t\t\t\t\t\t\t\t\t<img decoding=\"async\" src=\"https:\/\/www.europesays.com\/fr\/wp-content\/uploads\/2025\/11\/1280x720_6926cbce710e4-494175416-1490047562437149-689535373084108754-n.jpg\" alt=\"Grenoble : les organisations syndicales lancent une p\u00e9tition pour maintenir la gratuit\u00e9 des \u00e9coles d'ing\u00e9nieurs\" title=\"Grenoble : les organisations syndicales lancent une p\u00e9tition pour maintenir la gratuit\u00e9 des \u00e9coles d'ing\u00e9nieurs\" width=\"1280\" height=\"720\" class=\"img-fluid  mb-3\" loading=\"lazy\"\/>\t\t\t\t\t\t\t\t\t\t\t<\/p>\n<p itemprop=\"description\"><strong>Les syndicats et \u00e9lus \u00e9tudiants de Grenoble INP &#8211; UGA s\u2019opposent \u00e0 une augmentation des frais d\u2019inscription envisag\u00e9e pour les \u00e9coles publiques d\u2019ing\u00e9nierie et de management.<\/strong><\/p>\n<p>\t\t\t\t\tLes organisations syndicales de Grenoble INP &#8211; UGA, soutenues par les repr\u00e9sentants \u00e9tudiants, alertent sur un projet interne visant \u00e0\u2026\t\t\t\t\t\t\t\t\t\t\t\t\t\t\t\t\t\t\t\t\t\t<\/p>\n<p><a class=\"trans-button\" href=\"https:\/\/www.grenoblemag.com\/article\/2299\/grenoble-les-organisations-syndicales-lancent-une-petition-pour-maintenir-la-gratuite-des-ecoles-d-ingenieurs\" title=\"Grenoble : les organisations syndicales lancent une p\u00e9tition pour maintenir la gratuit\u00e9 des \u00e9coles d&#039;ing\u00e9nieurs\" target=\"_blank\" rel=\"noopener\"><br \/>\n\t\t\t\t\t\t\t\tLire la suite de l&rsquo;article sur Grenoblemag \u00bb<br \/>\n\t\t\t\t\t\t\t<\/a>\n\t\t\t\t\t\t\t\t\t<\/p>\n","protected":false},"excerpt":{"rendered":"26 Novembre 2025 Les syndicats et \u00e9lus \u00e9tudiants de Grenoble INP &#8211; UGA s\u2019opposent \u00e0 une augmentation des&hellip;\n","protected":false},"author":2,"featured_media":559978,"comment_status":"","ping_status":"","sticky":false,"template":"","format":"standard","meta":{"footnotes":""},"categories":[9566],"tags":[1111,66200,11,7733,66196,66213,66211,8279,2430,650,7734,66204,1777,674,66207,1011,27,66206,2731,66203,66201,4662,66212,66209,66202,12,1825,66205,66197,66198,66199,25,66208,66210],"class_list":{"0":"post-559977","1":"post","2":"type-post","3":"status-publish","4":"format-standard","5":"has-post-thumbnail","7":"category-grenoble","8":"tag-actu","9":"tag-actualite-grenoble","10":"tag-actualites","11":"tag-alpes","12":"tag-alpes-1-grenoble","13":"tag-alpes-de-hautes-provence-et-hautes-alpes","14":"tag-alpes-de-huez","15":"tag-alpes1","16":"tag-auvergne-rhone-alpes","17":"tag-cinema","18":"tag-ecoute","19":"tag-ecouter-alpes-1-grenoble","20":"tag-eu","21":"tag-europe","22":"tag-evenements-grenoble","23":"tag-fr","24":"tag-france","25":"tag-frequence-alpes-1-grenoble","26":"tag-grenoble","27":"tag-hits-grenoble","28":"tag-info-grenoble","29":"tag-journal","30":"tag-les-2-alpes","31":"tag-meteo-grenoble","32":"tag-musique-grenoble","33":"tag-news","34":"tag-radio","35":"tag-radio-en-ligne-grenoble","36":"tag-radio-grenoble","37":"tag-radio-isere","38":"tag-radio-locale-grenoble","39":"tag-republique-francaise","40":"tag-sorties-grenoble","41":"tag-trafic-grenoble"},"share_on_mastodon":{"url":"","error":"Validation failed: Text character limit of 500 exceeded"},"_links":{"self":[{"href":"https:\/\/www.europesays.com\/fr\/wp-json\/wp\/v2\/posts\/559977","targetHints":{"allow":["GET"]}}],"collection":[{"href":"https:\/\/www.europesays.com\/fr\/wp-json\/wp\/v2\/posts"}],"about":[{"href":"https:\/\/www.europesays.com\/fr\/wp-json\/wp\/v2\/types\/post"}],"author":[{"embeddable":true,"href":"https:\/\/www.europesays.com\/fr\/wp-json\/wp\/v2\/users\/2"}],"replies":[{"embeddable":true,"href":"https:\/\/www.europesays.com\/fr\/wp-json\/wp\/v2\/comments?post=559977"}],"version-history":[{"count":0,"href":"https:\/\/www.europesays.com\/fr\/wp-json\/wp\/v2\/posts\/559977\/revisions"}],"wp:featuredmedia":[{"embeddable":true,"href":"https:\/\/www.europesays.com\/fr\/wp-json\/wp\/v2\/media\/559978"}],"wp:attachment":[{"href":"https:\/\/www.europesays.com\/fr\/wp-json\/wp\/v2\/media?parent=559977"}],"wp:term":[{"taxonomy":"category","embeddable":true,"href":"https:\/\/www.europesays.com\/fr\/wp-json\/wp\/v2\/categories?post=559977"},{"taxonomy":"post_tag","embeddable":true,"href":"https:\/\/www.europesays.com\/fr\/wp-json\/wp\/v2\/tags?post=559977"}],"curies":[{"name":"wp","href":"https:\/\/api.w.org\/{rel}","templated":true}]}}