{"id":559979,"date":"2025-11-26T12:51:16","date_gmt":"2025-11-26T12:51:16","guid":{"rendered":"https:\/\/www.europesays.com\/fr\/559979\/"},"modified":"2025-11-26T12:51:16","modified_gmt":"2025-11-26T12:51:16","slug":"transfert-top-14-pro-d2-lubb-prete-louis-mary-a-grenoble","status":"publish","type":"post","link":"https:\/\/www.europesays.com\/fr\/559979\/","title":{"rendered":"Transfert Top 14-Pro D2: L&rsquo;UBB Pr\u00eate Louis Mary \u00e0 Grenoble\u00a0"},"content":{"rendered":"<p>Dans un mouvement strat\u00e9gique visant \u00e0 renforcer son effectif, le FC Grenoble a annonc\u00e9 le pr\u00eat de Louis Mary, pilier gauche de 25 ans, en provenance de l\u2019Union Bordeaux-B\u00e8gles. Peu utilis\u00e9 cette saison, Mary esp\u00e8re se relancer et apporter une nouvelle dynamique au pack grenoblois en Pro D2.<\/p>\n<blockquote class=\"twitter-tweet\">\n<p dir=\"ltr\" lang=\"fr\">\ud835\udc0b\ud835\udc28\ud835\udc2e\ud835\udc22\ud835\udc2c \ud835\udc0c\ud835\udc1a\ud835\udc2b\ud835\udc32 \ud835\udc2b\ud835\udc1e\ud835\udc23\ud835\udc28\ud835\udc22\ud835\udc27\ud835\udc2d \ud835\udc25\ud835\udc1e \ud835\udc05\ud835\udc02\ud835\udc06 \ud835\udc1e\ud835\udc27 \ud835\udc29\ud835\udc2b\ud835\udc1e\u0302\ud835\udc2d \ud83d\udd34\ud83d\udd35<\/p>\n<p>\u270d\ufe0f Louis Mary (185cm &amp; 128 kilos), 25 ans, rejoint le FCG Rugby en pr\u00eat jusqu\u2019\u00e0 la fin de la saison 25-26 ! Originaire du Sud-Est, Louis d\u00e9bute le rugby du c\u00f4t\u00e9 de Draguignan avant de rejoindre le Stade Ni\u00e7ois en\u2026 <a href=\"https:\/\/t.co\/n0NmFs8Npo\">pic.twitter.com\/n0NmFs8Npo<\/a><\/p>\n<p>\u2014 FC Grenoble Rugby #AllezFCG (@FCGrugby) <a href=\"https:\/\/twitter.com\/FCGrugby\/status\/1993364066073522216?ref_src=twsrc%5Etfw\" target=\"_blank\" rel=\"noopener\">November 25, 2025<\/a><\/p>\n<\/blockquote>\n<p>Un Pr\u00eat N\u00e9cessaire pour Louis Mary<\/p>\n<p>Avec seulement deux entr\u00e9es en jeu cette saison, Louis Mary n\u2019a pas pu s\u2019illustrer au sein de l\u2019effectif de l\u2019Union Bordeaux-B\u00e8gles. Derri\u00e8re des joueurs comme Jefferson Poirot, Ugo Boniface et Mathis Perchaud, il \u00e9tait devenu le quatri\u00e8me choix \u00e0 son poste. Ce manque de temps de jeu a conduit le club \u00e0 prendre la d\u00e9cision de le pr\u00eater afin qu\u2019il puisse retrouver du rythme et de la confiance sur le terrain.<\/p>\n<p>Un Rempla\u00e7ant pour Eli EglaineNouveau ! Recevez la newsletter Rugby Transfert 1 fois par mois !<\/p>\n<p>Le FC Grenoble accueille Louis Mary pour compenser l\u2019absence de son pilier Eli Eglaine, qui a subi une grave blessure avec une rupture du ligament crois\u00e9 du genou. La saison de ce dernier est ainsi compromise, et Mary sera attendu pour apporter de la solidit\u00e9 \u00e0 la premi\u00e8re ligne du pack is\u00e9rois.<\/p>\n<p>Un Retour en Pro D2<\/p>\n<p>Louis Mary revient ainsi en Pro D2, un championnat qu\u2019il conna\u00eet bien apr\u00e8s avoir \u00e9volu\u00e9 pendant deux saisons avec l\u2019US Dax. Il retrouvera un environnement familier, et aura l\u2019opportunit\u00e9 de travailler sous la direction de Jeff Dubois, l\u2019entra\u00eeneur du Grenoble, qui a pris les r\u00eanes de l\u2019\u00e9quipe en octobre dernier.<\/p>\n<p>Des D\u00e9buts Timides pour le FC Grenoble<\/p>\n<p>Malgr\u00e9 la pr\u00e9sence de Dubois, le FC Grenoble peine \u00e0 afficher des r\u00e9sultats probants en ce d\u00e9but de saison. Actuellement 9e du championnat, l\u2019\u00e9quipe est \u00e0 5 points de la 6e place, occup\u00e9e par Agen, et \u00e0 13 points du 2e, Colomiers. Le club, triple finaliste sortant, esp\u00e8re que l\u2019arriv\u00e9e de Mary pourra contribuer \u00e0 am\u00e9liorer ses performances lors des prochaines rencontres.<\/p>\n<p>Conclusion<\/p>\n<p>L\u2019arriv\u00e9e de Louis Mary \u00e0 Grenoble repr\u00e9sente une opportunit\u00e9 pour le joueur de se relancer tout en apportant un renfort pr\u00e9cieux \u00e0 un pack qui en a besoin. Le FC Grenoble esp\u00e8re que ce pr\u00eat sera b\u00e9n\u00e9fique pour les deux parties \u00e0 mesure que la saison progresse.<\/p>\n<p> <img loading=\"lazy\" decoding=\"async\" src=\"https:\/\/www.europesays.com\/fr\/wp-content\/uploads\/2025\/04\/image-1.jpg\" width=\"100\" height=\"100\" alt=\"image 1\" itemprop=\"image\" class=\"lazyload\" title=\"Transfert Top 14-Pro D2: L'UBB Pr\u00eate Louis Mary \u00e0 Grenoble\u00a0\"\/><\/p>\n<p>Bruno Lancelle, n\u00e9 en 1986 \u00e0 La Seyne-sur-Mer (Var), aujourd\u2019hui Kin\u00e9sith\u00e9rapeute, est un ancien joueur\u00a0 de rugby \u00e0 XV qui \u00e9voluait au poste de demi d\u2019ouverture, pass\u00e9 par Toulon, Lyon, Provence Rugby, La Seyne-sur-Mer, US bressane, Lille et Hy\u00e8res.<\/p>\n<p><script async src=\"https:\/\/platform.twitter.com\/widgets.js\" charset=\"utf-8\"><\/script><\/p>\n","protected":false},"excerpt":{"rendered":"Dans un mouvement strat\u00e9gique visant \u00e0 renforcer son effectif, le FC Grenoble a annonc\u00e9 le pr\u00eat de Louis&hellip;\n","protected":false},"author":2,"featured_media":141289,"comment_status":"","ping_status":"","sticky":false,"template":"","format":"standard","meta":{"footnotes":""},"categories":[9566],"tags":[1111,11,2430,1777,674,1011,27,2731,12,25],"class_list":{"0":"post-559979","1":"post","2":"type-post","3":"status-publish","4":"format-standard","5":"has-post-thumbnail","7":"category-grenoble","8":"tag-actu","9":"tag-actualites","10":"tag-auvergne-rhone-alpes","11":"tag-eu","12":"tag-europe","13":"tag-fr","14":"tag-france","15":"tag-grenoble","16":"tag-news","17":"tag-republique-francaise"},"share_on_mastodon":{"url":"https:\/\/pubeurope.com\/@fr\/115616094428283229","error":""},"_links":{"self":[{"href":"https:\/\/www.europesays.com\/fr\/wp-json\/wp\/v2\/posts\/559979","targetHints":{"allow":["GET"]}}],"collection":[{"href":"https:\/\/www.europesays.com\/fr\/wp-json\/wp\/v2\/posts"}],"about":[{"href":"https:\/\/www.europesays.com\/fr\/wp-json\/wp\/v2\/types\/post"}],"author":[{"embeddable":true,"href":"https:\/\/www.europesays.com\/fr\/wp-json\/wp\/v2\/users\/2"}],"replies":[{"embeddable":true,"href":"https:\/\/www.europesays.com\/fr\/wp-json\/wp\/v2\/comments?post=559979"}],"version-history":[{"count":0,"href":"https:\/\/www.europesays.com\/fr\/wp-json\/wp\/v2\/posts\/559979\/revisions"}],"wp:featuredmedia":[{"embeddable":true,"href":"https:\/\/www.europesays.com\/fr\/wp-json\/wp\/v2\/media\/141289"}],"wp:attachment":[{"href":"https:\/\/www.europesays.com\/fr\/wp-json\/wp\/v2\/media?parent=559979"}],"wp:term":[{"taxonomy":"category","embeddable":true,"href":"https:\/\/www.europesays.com\/fr\/wp-json\/wp\/v2\/categories?post=559979"},{"taxonomy":"post_tag","embeddable":true,"href":"https:\/\/www.europesays.com\/fr\/wp-json\/wp\/v2\/tags?post=559979"}],"curies":[{"name":"wp","href":"https:\/\/api.w.org\/{rel}","templated":true}]}}