{"id":559980,"date":"2025-11-26T12:52:17","date_gmt":"2025-11-26T12:52:17","guid":{"rendered":"https:\/\/www.europesays.com\/fr\/559980\/"},"modified":"2025-11-26T12:52:17","modified_gmt":"2025-11-26T12:52:17","slug":"un-jeune-etrangle-par-surprise-en-pleine-rue-a-rennes-par-un-couple-voici-ce-que-lon-sait","status":"publish","type":"post","link":"https:\/\/www.europesays.com\/fr\/559980\/","title":{"rendered":"Un jeune \u00e9trangl\u00e9 par surprise en pleine rue \u00e0 Rennes par un couple\u00a0: voici ce que l\u2019on sait"},"content":{"rendered":"<p>Un couple a agress\u00e9 violemment un jeune homme de 19 ans en pleine rue de Rennes, dans<a href=\"https:\/\/www.letelegramme.fr\/ille-et-vilaine\/rennes-35000\/beauregard-la-courrouze-baud-chardonnet-le-modele-urbain-rennais-tient-il-ses-promesses-6915265.php\" target=\"_blank\" rel=\"noopener\"> le quartier Baud Chardonnet<\/a>, dimanche 23 novembre. D\u2019apr\u00e8s la victime, alors qu\u2019il marchait sur le trottoir, un homme l\u2019a surpris par-derri\u00e8re et l\u2019a \u00e9trangl\u00e9 pendant que sa conjointe lui donne des coups de poing et des coups de pied dans le m\u00eame temps. Selon nos informations, la victime n\u2019a pas compris son agression et ne connaissait pas le couple. Le jeune homme a souhait\u00e9 donner son t\u00e9l\u00e9phone pour mettre fin aux coups, pensant qu\u2019ils cherchaient \u00e0 lui voler quelque chose, mais les agresseurs n\u2019ont pas voulu.<\/p>\n<p>Le couple jug\u00e9 ce mercredi<\/p>\n<p>Les deux individus ont rapidement pris la fuite \u00e0 la vue des policiers mais l\u2019homme a \u00e9t\u00e9 interpell\u00e9 le soir m\u00eame entre la rue Moulin de Jou\u00e9 et l\u2019avenue G\u00e9n\u00e9ral Leclerc \u00e0 Rennes. L\u2019homme interpell\u00e9 a donn\u00e9 le num\u00e9ro de sa femme aux enqu\u00eateurs. Celle-ci a \u00e9t\u00e9 convoqu\u00e9e au commissariat de police le lendemain et a \u00e9t\u00e9 plac\u00e9e en garde \u00e0 vue le lundi 24 novembre \u00e0 9 h. Comme indiqu\u00e9 par <a href=\"https:\/\/www.ouest-france.fr\/societe\/faits-divers\/un-jeune-de-19-ans-violemment-agresse-par-un-couple-dans-le-quartier-plaine-de-baud-a-rennes-2685cdbc-c918-11f0-a0e6-83b9718ad3c0\" target=\"_blank\" rel=\"noopener\">Ouest-France<\/a>, la victime, elle, avait \u00e9t\u00e9 transf\u00e9r\u00e9e au CHU de Pontchaillou dans un \u00e9tat grave.\ufeff<\/p>\n<p>Le couple d\u2019agresseur a donc \u00e9t\u00e9 d\u00e9f\u00e9r\u00e9 au tribunal mardi 25 novembre, informe le procureur de la R\u00e9publique de Rennes Fr\u00e9d\u00e9ric Teillet. Les deux individus sont jug\u00e9s en comparution imm\u00e9diate ce mercredi apr\u00e8s-midi 26 novembre.<\/p>\n","protected":false},"excerpt":{"rendered":"Un couple a agress\u00e9 violemment un jeune homme de 19 ans en pleine rue de Rennes, dans le&hellip;\n","protected":false},"author":2,"featured_media":559981,"comment_status":"","ping_status":"","sticky":false,"template":"","format":"standard","meta":{"footnotes":""},"categories":[2821],"tags":[1111,11,829,765,1777,674,118,3383,1011,27,848,12,584,25],"class_list":{"0":"post-559980","1":"post","2":"type-post","3":"status-publish","4":"format-standard","5":"has-post-thumbnail","7":"category-rennes","8":"tag-actu","9":"tag-actualites","10":"tag-bretagne","11":"tag-en-continu","12":"tag-eu","13":"tag-europe","14":"tag-faits-divers","15":"tag-faits-divers-a-rennes","16":"tag-fr","17":"tag-france","18":"tag-ille-et-vilaine","19":"tag-news","20":"tag-rennes","21":"tag-republique-francaise"},"share_on_mastodon":{"url":"https:\/\/pubeurope.com\/@fr\/115616097470926112","error":""},"_links":{"self":[{"href":"https:\/\/www.europesays.com\/fr\/wp-json\/wp\/v2\/posts\/559980","targetHints":{"allow":["GET"]}}],"collection":[{"href":"https:\/\/www.europesays.com\/fr\/wp-json\/wp\/v2\/posts"}],"about":[{"href":"https:\/\/www.europesays.com\/fr\/wp-json\/wp\/v2\/types\/post"}],"author":[{"embeddable":true,"href":"https:\/\/www.europesays.com\/fr\/wp-json\/wp\/v2\/users\/2"}],"replies":[{"embeddable":true,"href":"https:\/\/www.europesays.com\/fr\/wp-json\/wp\/v2\/comments?post=559980"}],"version-history":[{"count":0,"href":"https:\/\/www.europesays.com\/fr\/wp-json\/wp\/v2\/posts\/559980\/revisions"}],"wp:featuredmedia":[{"embeddable":true,"href":"https:\/\/www.europesays.com\/fr\/wp-json\/wp\/v2\/media\/559981"}],"wp:attachment":[{"href":"https:\/\/www.europesays.com\/fr\/wp-json\/wp\/v2\/media?parent=559980"}],"wp:term":[{"taxonomy":"category","embeddable":true,"href":"https:\/\/www.europesays.com\/fr\/wp-json\/wp\/v2\/categories?post=559980"},{"taxonomy":"post_tag","embeddable":true,"href":"https:\/\/www.europesays.com\/fr\/wp-json\/wp\/v2\/tags?post=559980"}],"curies":[{"name":"wp","href":"https:\/\/api.w.org\/{rel}","templated":true}]}}