{"id":559982,"date":"2025-11-26T12:53:14","date_gmt":"2025-11-26T12:53:14","guid":{"rendered":"https:\/\/www.europesays.com\/fr\/559982\/"},"modified":"2025-11-26T12:53:14","modified_gmt":"2025-11-26T12:53:14","slug":"drame-a-rennes-shein-au-tribunal-mort-de-bebert-des-forbans-le-point-a-la-mi-journee","status":"publish","type":"post","link":"https:\/\/www.europesays.com\/fr\/559982\/","title":{"rendered":"Drame \u00e0 Rennes, Shein au tribunal, mort de \u00ab\u00a0B\u00e9bert\u00a0\u00bb des Forbans\u00a0: le point \u00e0 la mi-journ\u00e9e"},"content":{"rendered":"<p><strong>\u00c0 Rennes, une femme de 81 ans d\u00e9c\u00e8de dans l\u2019incendie de son appartement, son fils est gri\u00e8vement br\u00fbl\u00e9<\/strong><\/p>\n<p>\u00c0 23 h 55, ce mardi, un incendie s\u2019est d\u00e9clar\u00e9 dans un immeuble de cinq \u00e9tages au 34, rue Ferdinand de Lesseps, \u00e0 Rennes. C\u2019est dans un duplex situ\u00e9 au 4e \u00e9tage que le feu a pris pour des raisons encore ind\u00e9termin\u00e9es. \u00c0 leur arriv\u00e9e, <a href=\"https:\/\/www.letelegramme.fr\/bretagne\/une-femme-de-81-ans-decede-dans-lincendie-de-son-appartement-a-rennes-6935586.php\" target=\"_blank\" rel=\"noopener\">les pompiers ont d\u00e9couvert le corps d\u2019une femme de 81 ans<\/a>. Son fils, \u00e2g\u00e9 de 54 ans, \u00e9tait, lui, br\u00fbl\u00e9 aux 2e et 3e degr\u00e9s. Il a \u00e9t\u00e9 transport\u00e9 en \u00e9tat d\u2019urgence absolue \u00e0 l\u2019h\u00f4pital Pontchaillou.<\/p>\n<p><strong>\u00ab L\u2019Europe soutiendra l\u2019Ukraine sans rel\u00e2che jusqu\u2019\u00e0 la paix \u00bb, promet Ursula von der Leyen<\/strong><\/p>\n<p>L\u2019Europe soutiendra l\u2019Ukraine sans rel\u00e2che jusqu\u2019\u00e0 ce qu\u2019<a href=\"https:\/\/www.letelegramme.fr\/monde\/guerre-ukraine-russie\/leurope-soutiendra-lukraine-sans-relache-jusqua-la-paix-promet-ursula-von-der-leyen-6935658.php\" target=\"_blank\" rel=\"noopener\">elle obtienne une paix \u00ab juste et durable \u00bb<\/a>, a affirm\u00e9 Ursula von der Leyen, pr\u00e9sidente de la Commission europ\u00e9enne, devant les d\u00e9put\u00e9s europ\u00e9ens \u00e0 Strasbourg. \u00ab L\u2019Europe doit maintenir la pression sur la Russie, jusqu\u2019\u00e0 ce qu\u2019il y ait une paix juste et durable. Et je veux \u00eatre tr\u00e8s claire : l\u2019Europe se tiendra aux c\u00f4t\u00e9s de l\u2019Ukraine et la soutiendra \u00e0 chaque \u00e9tape \u00bb.<\/p>\n<p><a href=\"https:\/\/www.letelegramme.fr\/monde\/guerre-ukraine-russie\/leurope-soutiendra-lukraine-sans-relache-jusqua-la-paix-promet-ursula-von-der-leyen-6935658.php\" target=\"_blank\" rel=\"noopener\">Notre direct<\/a><\/p>\n<p><strong>Shein : l\u2019audience devant le tribunal judiciaire de Paris renvoy\u00e9e au 5 d\u00e9cembre, apr\u00e8s demande de l\u2019\u00c9tat<\/strong><\/p>\n<p>L\u2019audience qui devait se tenir devant le tribunal judiciaire de Paris a \u00e9t\u00e9 <a href=\"https:\/\/www.letelegramme.fr\/economie\/shein-au-tribunal-laudience-renvoyee-au-5-decembre-6935786.php\" target=\"_blank\" rel=\"noopener\">renvoy\u00e9e au 5 d\u00e9cembre<\/a>, apr\u00e8s demande de l\u2019\u00c9tat. L\u2019avocat de ce dernier a, en effet, regrett\u00e9 d\u2019avoir re\u00e7u tardivement, ce mardi soir, les arguments de d\u00e9fense de Shein, dont il demande une <a href=\"https:\/\/www.letelegramme.fr\/france\/la-demande-de-suspension-de-shein-en-france-examinee-par-le-tribunal-de-paris-le-26-novembre-6926408.php\" target=\"_blank\" rel=\"noopener\">suspension du site pendant trois mois<\/a> apr\u00e8s la d\u00e9couverte de la vente sur sa plateforme de poup\u00e9es sexuelles d\u2019apparence enfantine et d\u2019armes de cat\u00e9gorie A.<\/p>\n<p><strong>Automobile : le bonus \u00e9cologique sera augment\u00e9 jusqu\u2019\u00e0 5 700 \u20ac en 2026<\/strong><\/p>\n<p>Roland Lescure a annonc\u00e9 que le bonus \u00e9cologique pour l\u2019achat d\u2019un v\u00e9hicule \u00e9lectrique serait maintenu en 2026 et m\u00eame <a href=\"https:\/\/www.letelegramme.fr\/economie\/vehicules-electriques-jusqua-5-700-euros-daugmentation-pour-le-bonus-ecologique-lannee-prochaine-6935739.php\" target=\"_blank\" rel=\"noopener\">augment\u00e9 jusqu\u2019\u00e0 5 700 \u20ac<\/a>. \u00ab Je veux qu\u2019on continue \u00e0 soutenir la voiture \u00e9lectrique \u00bb, a d\u00e9clar\u00e9 le ministre de l\u2019\u00c9conomie sur <a href=\"https:\/\/www.radiofrance.fr\/franceinter\/podcasts\/l-invite-de-8h20-le-grand-entretien\/l-invite-de-8h20-le-grand-entretien-du-mercredi-26-novembre-2025-9176692\" target=\"_blank\" rel=\"noopener\">France Inter<\/a>. \u00ab On va prolonger le bonus automobile (\u2026). Il sera m\u00eame augment\u00e9 : si vous achetez un v\u00e9hicule \u00e9lectrique fait en France, fait en Europe, vous aurez jusqu\u2019\u00e0 5 700 \u20ac de primes \u00bb.<\/p>\n<p><strong>D\u00e9c\u00e8s de \u00ab B\u00e9bert \u00bb, leader du groupe de rock Les Forbans<\/strong><\/p>\n<\/p>\n<p>Albert Kassabi, dit \u00ab B\u00e9bert \u00bb, leader des Forbans, groupe de rock qui a connu la gloire dans les ann\u00e9es 80, est <a href=\"https:\/\/www.letelegramme.fr\/culture-loisirs\/musique\/bebert-le-leader-des-forbans-est-decede-6935595.php\" target=\"_blank\" rel=\"noopener\">mort, ce mardi soir, \u00e0 l\u2019\u00e2ge de 63 ans<\/a>, a annonc\u00e9 Michel Papain, cofondateur et batteur du groupe, au nom de la famille. Les Forbans avaient, en effet, rencontr\u00e9 le succ\u00e8s avec le titre \u00ab Chante ! \u00bb, sorti en 1982. Ce tube les avait propuls\u00e9s au hit-parade avec pr\u00e8s de deux millions d\u2019exemplaires \u00e9coul\u00e9s. Il est depuis rest\u00e9 un standard de la chanson populaire fran\u00e7aise.<\/p>\n","protected":false},"excerpt":{"rendered":"\u00c0 Rennes, une femme de 81 ans d\u00e9c\u00e8de dans l\u2019incendie de son appartement, son fils est gri\u00e8vement br\u00fbl\u00e9&hellip;\n","protected":false},"author":2,"featured_media":559983,"comment_status":"","ping_status":"","sticky":false,"template":"","format":"standard","meta":{"footnotes":""},"categories":[2821],"tags":[1111,11,829,765,1777,674,1011,27,74,12,584,25],"class_list":{"0":"post-559982","1":"post","2":"type-post","3":"status-publish","4":"format-standard","5":"has-post-thumbnail","7":"category-rennes","8":"tag-actu","9":"tag-actualites","10":"tag-bretagne","11":"tag-en-continu","12":"tag-eu","13":"tag-europe","14":"tag-fr","15":"tag-france","16":"tag-monde","17":"tag-news","18":"tag-rennes","19":"tag-republique-francaise"},"share_on_mastodon":{"url":"","error":""},"_links":{"self":[{"href":"https:\/\/www.europesays.com\/fr\/wp-json\/wp\/v2\/posts\/559982","targetHints":{"allow":["GET"]}}],"collection":[{"href":"https:\/\/www.europesays.com\/fr\/wp-json\/wp\/v2\/posts"}],"about":[{"href":"https:\/\/www.europesays.com\/fr\/wp-json\/wp\/v2\/types\/post"}],"author":[{"embeddable":true,"href":"https:\/\/www.europesays.com\/fr\/wp-json\/wp\/v2\/users\/2"}],"replies":[{"embeddable":true,"href":"https:\/\/www.europesays.com\/fr\/wp-json\/wp\/v2\/comments?post=559982"}],"version-history":[{"count":0,"href":"https:\/\/www.europesays.com\/fr\/wp-json\/wp\/v2\/posts\/559982\/revisions"}],"wp:featuredmedia":[{"embeddable":true,"href":"https:\/\/www.europesays.com\/fr\/wp-json\/wp\/v2\/media\/559983"}],"wp:attachment":[{"href":"https:\/\/www.europesays.com\/fr\/wp-json\/wp\/v2\/media?parent=559982"}],"wp:term":[{"taxonomy":"category","embeddable":true,"href":"https:\/\/www.europesays.com\/fr\/wp-json\/wp\/v2\/categories?post=559982"},{"taxonomy":"post_tag","embeddable":true,"href":"https:\/\/www.europesays.com\/fr\/wp-json\/wp\/v2\/tags?post=559982"}],"curies":[{"name":"wp","href":"https:\/\/api.w.org\/{rel}","templated":true}]}}