{"id":559988,"date":"2025-11-26T12:56:14","date_gmt":"2025-11-26T12:56:14","guid":{"rendered":"https:\/\/www.europesays.com\/fr\/559988\/"},"modified":"2025-11-26T12:56:14","modified_gmt":"2025-11-26T12:56:14","slug":"quatre-hommes-condamnes-a-nice-pour-blanchiment-arrestation-enlevement-et-sequestration","status":"publish","type":"post","link":"https:\/\/www.europesays.com\/fr\/559988\/","title":{"rendered":"quatre hommes condamn\u00e9s \u00e0 Nice pour blanchiment, arrestation, enl\u00e8vement et s\u00e9questration"},"content":{"rendered":"<p class=\"fs-5 \">Que s\u2019est-il pass\u00e9 au 272 avenue de la Californie \u00e0 Nice, le 6 juin 2022\u00a0? C\u2019est la question que le tribunal correctionnel de Nice a tent\u00e9 de r\u00e9soudre hier. Quatre hommes \u00e9taient appel\u00e9s \u00e0 compara\u00eetre pour <strong>blanchiment, arrestation, enl\u00e8vement et s\u00e9questration<\/strong>.<\/p>\n<p class=\"fs-5 \">Deux d\u2019entre eux \u00e9taient pr\u00e9sents\u00a0: Mohamed Ali Charaabi, v\u00eatu d\u2019un pantalon slim gris et d\u2019une parka noire, comparaissant libre, puis Ben Fredj, lunettes fines chauss\u00e9es, en d\u00e9tention.<\/p>\n<p class=\"fs-5 \">Les faits remontent au d\u00e9but juin 2022. \u00c0 Marseille, une femme se pr\u00e9sente en pleurs dans un commissariat\u00a0: elle affirme que son mari, Mohamed Ali Charaabi, <strong>est s\u00e9questr\u00e9 \u00e0 Nice<\/strong>, au 272 avenue de la Californie.<\/p>\n<p>                                                                                Obtenir une ran\u00e7on<\/p>\n<p class=\"fs-5 \">Sur son t\u00e9l\u00e9phone, une capture montre son conjoint avec <strong>une arme sur la tempe<\/strong>. Objectif\u00a0: obtenir une ran\u00e7on. Les menaces sont gla\u00e7antes\u00a0: si l\u2019argent n\u2019arrive pas, \u00ab\u00a0on va lui couper les doigts et les envoyer un par un\u00a0\u00bb. La BRI (Brigade de recherche et d\u2019intervention) de Nice se poste devant l\u2019immeuble.<\/p>\n<p class=\"fs-5 \">\u00ab\u00a0Mais certains \u00e9l\u00e9ments interrogent\u00a0\u00bb, note le procureur Fabien C\u00e9zanne, \u00e9voquant le rapport d\u00e9signant Monsieur Charaabi au balcon, \u00ab\u00a0fumant et d\u00e9tendu\u00a0\u00bb. Dans le box, Ben Fredj, lui, nie tout lien avec l\u2019affaire ou avec ses co-accus\u00e9s. Rien ne d\u00e9montre que mon client est coupable, expose, en substance, Ma\u00eetre Vallier, son conseil.<\/p>\n<p>                                                                                120 000 euros d\u00e9rob\u00e9s \u00e0 Rome<\/p>\n<p class=\"fs-5 \">Rapidement, le tribunal, pr\u00e9sid\u00e9 par Christian Legay, tente de reconstituer les faits, malgr\u00e9 les silences et zones d\u2019ombre. Le pr\u00e9sident interroge Charaabi\u00a0: \u00ab\u00a0Vous transportiez des sommes tr\u00e8s \u00e9lev\u00e9es en Espagne, en Italie et ailleurs en Europe, contre 3 \u00e0 4 000 euros par voyage, pour des montants proches de 100 000 euros. \u00a0\u00bb<\/p>\n<p class=\"fs-5 \">Lors d\u2019un dernier d\u00e9placement \u00e0 Rome,<strong> 120 000 euros disparaissent de son v\u00e9hicule<\/strong>. Une perte que la ran\u00e7on aurait pu venir compenser. \u00ab\u00a0Cela ne vous para\u00eet pas \u00e9trange qu\u2019on vous confie de telles sommes\u00a0? \u00a0\u00bb, poursuit le pr\u00e9sident. \u00ab\u00a0Ce dossier, c\u2019est du grand n\u2019importe quoi\u00a0\u00bb, a lanc\u00e9 ma\u00eetre Margaux De Cesare, mettant en avant la stabilit\u00e9 de son client Mohamed Ali Charaabi, mari\u00e9 et en CDI.<\/p>\n<p>                                                                                Ramifications europ\u00e9ennes<\/p>\n<p class=\"fs-5 \">\u00ab\u00a0\u00c0 quoi servait cet argent\u00a0? \u00a0\u00bb questionne encore le minist\u00e8re public. Financer un mariage, une greffe de cheveux, comme l\u2019ont affirm\u00e9 certains\u00a0? Le parquet rappelle qu\u2019il s\u2019agit l\u00e0 \u00ab\u00a0d\u2019un fragment de l\u2019\u00e9conomie souterraine\u00a0\u00bb, d\u2019\u00ab\u00a0une criminalit\u00e9 silencieuse\u00a0\u00bb circulant entre l\u2019Italie, les Pays-Bas et l\u2019Espagne, <strong>pays cl\u00e9s du trafic de stup\u00e9fiants<\/strong>.<\/p>\n<p class=\"fs-5 \">Le tribunal a finalement relax\u00e9 les pr\u00e9venus pour la s\u00e9questration et les a d\u00e9clar\u00e9s coupables de blanchiment d\u2019argent, suivant les r\u00e9quisitions du procureur. Ils ont \u00e9t\u00e9 condamn\u00e9s \u00e0 des peines jusqu\u2019\u00e0 <strong>4 ans d\u2019emprisonnement et 100 000 euros d\u2019amende<\/strong> avec interdiction d\u00e9finitive du territoire fran\u00e7ais pour trois d\u2019entre eux.<\/p>\n","protected":false},"excerpt":{"rendered":"Que s\u2019est-il pass\u00e9 au 272 avenue de la Californie \u00e0 Nice, le 6 juin 2022\u00a0? C\u2019est la question&hellip;\n","protected":false},"author":2,"featured_media":491642,"comment_status":"","ping_status":"","sticky":false,"template":"","format":"standard","meta":{"footnotes":""},"categories":[2819],"tags":[1111,11,1777,674,1011,27,12,2401,882,25],"class_list":{"0":"post-559988","1":"post","2":"type-post","3":"status-publish","4":"format-standard","5":"has-post-thumbnail","7":"category-nice","8":"tag-actu","9":"tag-actualites","10":"tag-eu","11":"tag-europe","12":"tag-fr","13":"tag-france","14":"tag-news","15":"tag-nice","16":"tag-provence-alpes-cote-dazur","17":"tag-republique-francaise"},"share_on_mastodon":{"url":"https:\/\/pubeurope.com\/@fr\/115616113371510714","error":""},"_links":{"self":[{"href":"https:\/\/www.europesays.com\/fr\/wp-json\/wp\/v2\/posts\/559988","targetHints":{"allow":["GET"]}}],"collection":[{"href":"https:\/\/www.europesays.com\/fr\/wp-json\/wp\/v2\/posts"}],"about":[{"href":"https:\/\/www.europesays.com\/fr\/wp-json\/wp\/v2\/types\/post"}],"author":[{"embeddable":true,"href":"https:\/\/www.europesays.com\/fr\/wp-json\/wp\/v2\/users\/2"}],"replies":[{"embeddable":true,"href":"https:\/\/www.europesays.com\/fr\/wp-json\/wp\/v2\/comments?post=559988"}],"version-history":[{"count":0,"href":"https:\/\/www.europesays.com\/fr\/wp-json\/wp\/v2\/posts\/559988\/revisions"}],"wp:featuredmedia":[{"embeddable":true,"href":"https:\/\/www.europesays.com\/fr\/wp-json\/wp\/v2\/media\/491642"}],"wp:attachment":[{"href":"https:\/\/www.europesays.com\/fr\/wp-json\/wp\/v2\/media?parent=559988"}],"wp:term":[{"taxonomy":"category","embeddable":true,"href":"https:\/\/www.europesays.com\/fr\/wp-json\/wp\/v2\/categories?post=559988"},{"taxonomy":"post_tag","embeddable":true,"href":"https:\/\/www.europesays.com\/fr\/wp-json\/wp\/v2\/tags?post=559988"}],"curies":[{"name":"wp","href":"https:\/\/api.w.org\/{rel}","templated":true}]}}