{"id":559989,"date":"2025-11-26T12:57:14","date_gmt":"2025-11-26T12:57:14","guid":{"rendered":"https:\/\/www.europesays.com\/fr\/559989\/"},"modified":"2025-11-26T12:57:14","modified_gmt":"2025-11-26T12:57:14","slug":"nice-previsions-meteo-du-mercredi-26-novembre-2025","status":"publish","type":"post","link":"https:\/\/www.europesays.com\/fr\/559989\/","title":{"rendered":"Nice : pr\u00e9visions m\u00e9t\u00e9o du mercredi 26 novembre 2025"},"content":{"rendered":"<p>\u00c0 Nice, la journ\u00e9e de mercredi 26 novembre 2025 sera domin\u00e9e par un ciel enti\u00e8rement d\u00e9gag\u00e9 et une atmosph\u00e8re douce avec des temp\u00e9ratures allant de 6 \u00e0 14 \u00b0C. Le vent l\u00e9ger et l&rsquo;absence de pr\u00e9cipitations assureront des conditions agr\u00e9ables tout au long de la journ\u00e9e.<\/p>\n<p>    Alerte en cours<\/p>\n<p>Le d\u00e9partement des Alpes-Maritimes demeure en vigilance <b>Jaune Avalanche<\/b> depuis 00 h. Si la c\u00f4te azur\u00e9enne profite d\u2019un grand soleil, les secteurs d\u2019altitude restent expos\u00e9s \u00e0 des d\u00e9parts de plaques en raison des contrastes thermiques.<\/p>\n<p>Avant toute sortie vers le Mercantour, consultez en temps r\u00e9el notre <a href=\"https:\/\/www.meteocity.com\/france\/alertes\" target=\"_blank\" rel=\"noopener\">page d\u00e9di\u00e9e aux alertes m\u00e9t\u00e9orologiques<\/a> et informez-vous localement.<\/p>\n<p>Matin : ciel limpide d\u00e8s le lever de soleil (07 h 39)<\/p>\n<p>La journ\u00e9e d\u00e9bute sous un azur sans nuage. \u00c0 09 h, le thermom\u00e8tre affiche <b>9 \u00b0C<\/b>, mais la sensation descend \u00e0 <b>4 \u00b0C<\/b> sous l\u2019effet d\u2019une brise de <b>Nord 12 km\/h<\/b>. Humidit\u00e9 mod\u00e9r\u00e9e : 34 %.<\/p>\n<p>La luminosit\u00e9 favorise l\u2019activit\u00e9 physique matinale ; pr\u00e9voyez toutefois une veste coupe-vent pour limiter la fra\u00eecheur ressentie.<\/p>\n<ul>\n<li>Visibilit\u00e9 excellente pour la circulation.<\/li>\n<li>Aucun risque de pluie.<\/li>\n<li>Pression en l\u00e9g\u00e8re hausse : 1 007 hPa.<\/li>\n<\/ul>\n<p>Apr\u00e8s-midi : douceur et calme<\/p>\n<p>\u00c0 15 h, Nice b\u00e9n\u00e9ficie toujours d\u2019un grand bleu. La temp\u00e9rature atteint <b>14 \u00b0C<\/b>, ressentie <b>11 \u00b0C<\/b>. L\u2019air demeure sec (31 %) et l\u2019aliz\u00e9, d\u00e9sormais orient\u00e9 Sud-Ouest, souffle faiblement \u00e0 <b>7 km\/h<\/b>.<\/p>\n<p>Ces conditions anticycloniques, typiques de la fin novembre, limitent la formation de nuages. Il sera agr\u00e9able de d\u00e9jeuner en terrasse, mais l\u2019indice UV automnal justifie encore le port de lunettes de soleil.<\/p>\n<p>Le maintien d\u2019un flux maritime doux souligne la transition saisonni\u00e8re : l\u2019hiver approche, mais la M\u00e9diterran\u00e9e conserve encore quelques degr\u00e9s de chaleur.<\/p>\n<p>Soir : fra\u00eecheur s\u00e8che avant le coucher (16 h 57)<\/p>\n<p>La nuit s\u2019installe rapidement sur la Promenade des Anglais. \u00c0 21 h, le thermom\u00e8tre affiche <b>9 \u00b0C<\/b> pour un ressenti proche de <b>5 \u00b0C<\/b>. Vent de Nord 11 km\/h, ciel parfaitement d\u00e9gag\u00e9.<\/p>\n<p>L\u2019air, plus humide (42 %), ne suffit pas \u00e0 provoquer ros\u00e9e importante ou brouillard c\u00f4tier. Les promeneurs profiteront d\u2019un ciel \u00e9toil\u00e9, mais un pull chaud s\u2019impose apr\u00e8s 18 h.<\/p>\n<ul>\n<li>Pression stable \u00e0 1 012 hPa.<\/li>\n<li>Risque de pr\u00e9cipitations nul toute la soir\u00e9e.<\/li>\n<\/ul>\n<p>Tendance g\u00e9n\u00e9rale pour demain, mercredi 27 novembre<\/p>\n<p>Le sc\u00e9nario reste anticyclonique : ciel d\u00e9gag\u00e9 du matin au soir. Les pr\u00e9visions annoncent <b>6 \u00b0C<\/b> \u00e0 l\u2019aube, <b>14 \u00b0C<\/b> l\u2019apr\u00e8s-midi et un vent discret de Nord-Nord-Ouest 14 km\/h.<\/p>\n<p>Aucun \u00e9pisode pluvieux n\u2019est attendu. L\u2019air sec (40 %) et la mer encore douce limitent toute sensation de grand froid, m\u00eame si les vallons int\u00e9rieurs conna\u00eetront quelques d\u00e9buts de gel\u00e9e.<\/p>\n<p>Pour planifier randonn\u00e9es ou sorties culturelles, retrouvez nos pr\u00e9visions d\u00e9taill\u00e9es \u00e0 15 jours ainsi que des id\u00e9es d\u2019activit\u00e9s sur <a href=\"https:\/\/www.meteocity.com\/france\/nice-v2990440\/tourisme\" target=\"_blank\" rel=\"noopener\">notre page tourisme<\/a>.<\/p>\n","protected":false},"excerpt":{"rendered":"\u00c0 Nice, la journ\u00e9e de mercredi 26 novembre 2025 sera domin\u00e9e par un ciel enti\u00e8rement d\u00e9gag\u00e9 et une&hellip;\n","protected":false},"author":2,"featured_media":559990,"comment_status":"","ping_status":"","sticky":false,"template":"","format":"standard","meta":{"footnotes":""},"categories":[2819],"tags":[1111,11,1777,674,1011,27,12,2401,882,25],"class_list":{"0":"post-559989","1":"post","2":"type-post","3":"status-publish","4":"format-standard","5":"has-post-thumbnail","7":"category-nice","8":"tag-actu","9":"tag-actualites","10":"tag-eu","11":"tag-europe","12":"tag-fr","13":"tag-france","14":"tag-news","15":"tag-nice","16":"tag-provence-alpes-cote-dazur","17":"tag-republique-francaise"},"share_on_mastodon":{"url":"https:\/\/pubeurope.com\/@fr\/115616117299066295","error":""},"_links":{"self":[{"href":"https:\/\/www.europesays.com\/fr\/wp-json\/wp\/v2\/posts\/559989","targetHints":{"allow":["GET"]}}],"collection":[{"href":"https:\/\/www.europesays.com\/fr\/wp-json\/wp\/v2\/posts"}],"about":[{"href":"https:\/\/www.europesays.com\/fr\/wp-json\/wp\/v2\/types\/post"}],"author":[{"embeddable":true,"href":"https:\/\/www.europesays.com\/fr\/wp-json\/wp\/v2\/users\/2"}],"replies":[{"embeddable":true,"href":"https:\/\/www.europesays.com\/fr\/wp-json\/wp\/v2\/comments?post=559989"}],"version-history":[{"count":0,"href":"https:\/\/www.europesays.com\/fr\/wp-json\/wp\/v2\/posts\/559989\/revisions"}],"wp:featuredmedia":[{"embeddable":true,"href":"https:\/\/www.europesays.com\/fr\/wp-json\/wp\/v2\/media\/559990"}],"wp:attachment":[{"href":"https:\/\/www.europesays.com\/fr\/wp-json\/wp\/v2\/media?parent=559989"}],"wp:term":[{"taxonomy":"category","embeddable":true,"href":"https:\/\/www.europesays.com\/fr\/wp-json\/wp\/v2\/categories?post=559989"},{"taxonomy":"post_tag","embeddable":true,"href":"https:\/\/www.europesays.com\/fr\/wp-json\/wp\/v2\/tags?post=559989"}],"curies":[{"name":"wp","href":"https:\/\/api.w.org\/{rel}","templated":true}]}}