{"id":559993,"date":"2025-11-26T12:59:14","date_gmt":"2025-11-26T12:59:14","guid":{"rendered":"https:\/\/www.europesays.com\/fr\/559993\/"},"modified":"2025-11-26T12:59:14","modified_gmt":"2025-11-26T12:59:14","slug":"pres-de-nantes-un-ex-candidat-ps-aux-municipales-devient-elu-du-rassemblement-national","status":"publish","type":"post","link":"https:\/\/www.europesays.com\/fr\/559993\/","title":{"rendered":"Pr\u00e8s de Nantes, un ex-candidat PS aux municipales devient \u00e9lu du Rassemblement national"},"content":{"rendered":"<p>\n    Une d\u00e9mission au sein du conseil municipal de Saint-Herblain a profit\u00e9 \u00e0 Jocelyn Gillet, qui se trouvait en position suivante sur la liste du groupe majoritaire. Encart\u00e9 au PS en 2020, il a depuis rejoint les rangs du RN &#8211; dont il est le premier \u00e9lu de la commune.<\/p>\n<p class=\"fig-paragraph\">Le prochain conseil municipal de\u00a0<a href=\"http:\/\/www.lefigaro.fr\/nantes\/a-saint-herblain-les-habitants-exasperes-apres-une-nouvelle-nuit-de-rodeos-sauvages-20240924\" target=\"_blank\" data-fig-type=\"NewsFlash\" rel=\"noopener\" data-gtm-custom-categorie=\"navigation\" data-gtm-custom-action=\"crossclick\" data-gtm-custom-label=\"Contextuel\" data-gtm-event=\"customEventSPE\" data-fig-domain=\"LEFIGARO\">Saint-Herblain<\/a>\u00a0(Loire-Atlantique) promet d\u2019\u00eatre anim\u00e9. Dans un revirement inattendu, un candidat inscrit, aux derni\u00e8res \u00e9lections municipales de 2020, sur la liste du groupe socialiste &#8211; au pouvoir depuis 1977 dans cette ville de la banlieue occidentale\u00a0<a href=\"https:\/\/www.lefigaro.fr\/nantes\" target=\"_blank\" data-fig-type=\"Section\" rel=\"sponsored noopener\" data-gtm-custom-categorie=\"navigation\" data-gtm-custom-action=\"crossclick\" data-gtm-custom-label=\"Contextuel\" data-gtm-event=\"customEventSPE\" data-fig-domain=\"LEFIGARO\">de Nantes<\/a>\u00a0&#8211; devrait enfin pouvoir porter la cocarde d\u2019\u00e9lu. Mardi 25 novembre, la d\u00e9mission de l\u2019adjoint en charge de la Culture a ouvert \u00e0 Jocelyn Gillet &#8211; qui \u00e9tait le nom suivant sur la liste de 2020 &#8211; les portes du conseil municipal. Petite particularit\u00e9 de ce jeu de chaises musicales: l\u2019int\u00e9ress\u00e9 a, depuis, rejoint les rangs du\u00a0<a href=\"http:\/\/www.lefigaro.fr\/politique\/presidentielle-2027-comment-jordan-bardella-faconne-sa-candidature-20251125\" target=\"_blank\" data-fig-type=\"Article\" rel=\"noopener\" data-gtm-custom-categorie=\"navigation\" data-gtm-custom-action=\"crossclick\" data-gtm-custom-label=\"Contextuel\" data-gtm-event=\"customEventSPE\" data-fig-domain=\"LEFIGARO\">Rassemblement national<\/a>.<\/p>\n<p class=\"fig-paragraph\">\u00abJ\u2019ai appris cela mardi ; c\u2019est une surprise\u00a0!\u00bb, r\u00e9agit Jocelyn Gillet. Le nouveau conseiller municipal de Saint-Herblain a int\u00e9gr\u00e9 le parti \u00e0 la flamme apr\u00e8s avoir soutenu, en 2021, une candidate de La R\u00e9publique en marche, aux derni\u00e8res \u00e9lections d\u00e9partementales. Il dirige depuis cet automne\u00a0<a href=\"http:\/\/www.lefigaro.fr\/nantes\/meetings-mouvementes-et-menaces-de-mort-le-rn-sous-pression-a-nantes-et-saint-nazaire-20251027\" target=\"_blank\" data-fig-type=\"NewsFlash\" rel=\"noopener\" data-gtm-custom-categorie=\"navigation\" data-gtm-custom-action=\"crossclick\" data-gtm-custom-label=\"Contextuel\" data-gtm-event=\"customEventSPE\" data-fig-domain=\"LEFIGARO\">la campagne de Julio Picho \u00e0 Saint-Nazaire<\/a>, pour les \u00e9lections municipales de mars prochain. \u00abDu temps a pass\u00e9, mais ma ligne n\u2019a jamais boug\u00e9. Ce que j\u2019ai pu d\u00e9fendre par le pass\u00e9 \u00e0 Saint-Herblain n\u2019a jamais \u00e9t\u00e9 appliqu\u00e9, notamment en ce qui concerne\u00a0<a href=\"http:\/\/www.lefigaro.fr\/nantes\/ca-devient-de-plus-en-plus-dangereux-a-nantes-des-habitants-exasperes-s-alarment-de-la-cohabitation-avec-des-familles-roms-20250709\" target=\"_blank\" data-fig-type=\"NewsFlash\" rel=\"noopener\" data-gtm-custom-categorie=\"navigation\" data-gtm-custom-action=\"crossclick\" data-gtm-custom-label=\"Contextuel\" data-gtm-event=\"customEventSPE\" data-fig-domain=\"LEFIGARO\">les probl\u00e8mes d\u2019insalubrit\u00e9 et d\u2019ins\u00e9curit\u00e9<\/a> \u00bb, ajoute Jocelyn Gillet.<\/p>\n<p>                                    <a class=\"fig-a11y-skip a11y-hidden\" href=\"#fig-a11y-skip-main-inarticle\"><br \/>\n        Passer la publicit\u00e9<br \/>\n    <\/a><\/p>\n<p>Opposition constructive<\/p>\n<p class=\"fig-paragraph\">Revenant sur son parcours, entam\u00e9 au Parti socialiste avant de virer au Rassemblement national, l\u2019\u00e9lu \u00e9voque un d\u00e9samour apparent\u00e9 \u00e0 celui du reste de la population. \u00abDes millions de Fran\u00e7ais ont cru en la gauche, \u00e0 l\u2019\u00e9poque o\u00f9 elle parlait \u00e0 tout le monde. Aujourd\u2019hui, ces m\u00eames Fran\u00e7ais sont d\u00e9\u00e7us et tent\u00e9s par l\u2019abstention\u00bb, note le nouvel \u00e9lu de Saint-Herblain. \u00abLes autorit\u00e9s doivent d\u00e9sormais rendre des comptes\u00bb, ajoute-t-il en pr\u00e9cisant qu\u2019il constituera une opposition \u00abconstructive\u00bb, jusqu\u2019au renouvellement du conseil municipal aux prochaines \u00e9lections. Lui-m\u00eame ne devrait pas \u00eatre candidat.<\/p>\n<p class=\"fig-paragraph\">La situation n\u2019amuse gu\u00e8re les autres formations politiques herblinoises. Conseiller municipal d\u2019opposition, Matthieu Annereau (Renaissance) s\u2019en est pris au maire socialiste de Saint-Herblain, Bertrand Affil\u00e9 (PS), \u00abqui portera \u00e0 vie d\u2019avoir fait rentrer le RN au sein du conseil municipal\u00bb. \u00abJe lui ai r\u00e9clam\u00e9 \u00e0 plusieurs reprises une position claire vis-\u00e0-vis des citoyens sur cette probabilit\u00e9. \u00c9voquer une \u201cbrebis \u00e9gar\u00e9e\u201d comme il l\u2019a dit me semble un peu l\u00e9ger. Il doit aujourd\u2019hui s\u2019en expliquer\u00bb, a-t-il fait savoir dans un communiqu\u00e9 diffus\u00e9 mardi soir. \u00abSoyons collectivement attentifs au fait que le RN fait son miel des ranc\u0153urs\u00bb, a \u00e9galement r\u00e9agi, aupr\u00e8s de nos confr\u00e8res de\u00a0<a href=\"https:\/\/www.ouest-france.fr\/elections\/municipales\/municipales-candidat-sur-une-liste-de-gauche-en-2020-pres-de-nantes-il-devient-elu-du-rassemblement-national-cc859820-c9e3-11f0-a0e6-83b9718ad3c0\" target=\"_blank\" rel=\"sponsored noopener\" data-gtm-custom-categorie=\"navigation\" data-gtm-custom-action=\"crossclick\" data-gtm-custom-label=\"Contextuel\" data-gtm-event=\"customEventSPE\">Ouest France<\/a>, l\u2019\u00e9lu municipal \u00e9cologiste Jean-Fran\u00e7ois Tallio.<\/p>\n","protected":false},"excerpt":{"rendered":"Une d\u00e9mission au sein du conseil municipal de Saint-Herblain a profit\u00e9 \u00e0 Jocelyn Gillet, qui se trouvait en&hellip;\n","protected":false},"author":2,"featured_media":559994,"comment_status":"","ping_status":"","sticky":false,"template":"","format":"standard","meta":{"footnotes":""},"categories":[2818],"tags":[1111,11,1984,1777,674,1011,27,3554,766,12,2636,25],"class_list":{"0":"post-559993","1":"post","2":"type-post","3":"status-publish","4":"format-standard","5":"has-post-thumbnail","7":"category-nantes","8":"tag-actu","9":"tag-actualites","10":"tag-conseil-municipal","11":"tag-eu","12":"tag-europe","13":"tag-fr","14":"tag-france","15":"tag-municipales","16":"tag-nantes","17":"tag-news","18":"tag-pays-de-la-loire","19":"tag-republique-francaise"},"share_on_mastodon":{"url":"https:\/\/pubeurope.com\/@fr\/115616125621621851","error":""},"_links":{"self":[{"href":"https:\/\/www.europesays.com\/fr\/wp-json\/wp\/v2\/posts\/559993","targetHints":{"allow":["GET"]}}],"collection":[{"href":"https:\/\/www.europesays.com\/fr\/wp-json\/wp\/v2\/posts"}],"about":[{"href":"https:\/\/www.europesays.com\/fr\/wp-json\/wp\/v2\/types\/post"}],"author":[{"embeddable":true,"href":"https:\/\/www.europesays.com\/fr\/wp-json\/wp\/v2\/users\/2"}],"replies":[{"embeddable":true,"href":"https:\/\/www.europesays.com\/fr\/wp-json\/wp\/v2\/comments?post=559993"}],"version-history":[{"count":0,"href":"https:\/\/www.europesays.com\/fr\/wp-json\/wp\/v2\/posts\/559993\/revisions"}],"wp:featuredmedia":[{"embeddable":true,"href":"https:\/\/www.europesays.com\/fr\/wp-json\/wp\/v2\/media\/559994"}],"wp:attachment":[{"href":"https:\/\/www.europesays.com\/fr\/wp-json\/wp\/v2\/media?parent=559993"}],"wp:term":[{"taxonomy":"category","embeddable":true,"href":"https:\/\/www.europesays.com\/fr\/wp-json\/wp\/v2\/categories?post=559993"},{"taxonomy":"post_tag","embeddable":true,"href":"https:\/\/www.europesays.com\/fr\/wp-json\/wp\/v2\/tags?post=559993"}],"curies":[{"name":"wp","href":"https:\/\/api.w.org\/{rel}","templated":true}]}}