{"id":560003,"date":"2025-11-26T13:05:13","date_gmt":"2025-11-26T13:05:13","guid":{"rendered":"https:\/\/www.europesays.com\/fr\/560003\/"},"modified":"2025-11-26T13:05:13","modified_gmt":"2025-11-26T13:05:13","slug":"un-des-plus-beaux-marches-de-noel-de-la-metropole-de-lille-debute-ce-vendredi","status":"publish","type":"post","link":"https:\/\/www.europesays.com\/fr\/560003\/","title":{"rendered":"Un des plus beaux march\u00e9s de No\u00ebl de la m\u00e9tropole de Lille d\u00e9bute ce vendredi"},"content":{"rendered":"<p>                    Par<br \/>\n        <strong><br \/>\n            <a href=\"https:\/\/actu.fr\/auteur\/nicolas-demollien\" title=\"Consulter tous les articles de Nicolas Demollien\" target=\"_blank\" rel=\"noopener\">Nicolas Demollien<\/a><br \/>\n                    <\/strong><\/p>\n<p>        Publi\u00e9 le<\/p>\n<p>            26 nov. 2025 \u00e0 12h56        <\/p>\n<p>C\u2019est d\u00e9j\u00e0 sa <b>10e \u00e9dition<\/b> et son succ\u00e8s ne se d\u00e9ment pas\u2009! Le <b>march\u00e9<\/b> de <a href=\"https:\/\/actu.fr\/tag\/noel\" target=\"_blank\" rel=\"noopener\">No\u00ebl<\/a> de <a href=\"https:\/\/actu.fr\/hauts-de-france\/roubaix_59512\" target=\"_blank\" rel=\"noopener\">Roubaix<\/a> <b>d\u00e9bute ce vendredi 28\u00a0novembre 2025 <\/b>et va animer la ville <b>jusqu\u2019au 24\u00a0d\u00e9cembre<\/b>. Avec ses <b>60\u00a0exposants<\/b> et ses sp\u00e9cificit\u00e9s, il est l\u2019<b>un des plus beaux \u00e9v\u00e9nements du genre<\/b> dans la m\u00e9tropole de <a href=\"https:\/\/actu.fr\/hauts-de-france\/lille_59350\" target=\"_blank\" rel=\"noopener\">Lille<\/a> (Nord).<\/p>\n<p>Ce qui vous attend au march\u00e9 de No\u00ebl de Roubaix version 2025<\/p>\n<p class=\" wall-content\">En effet, l\u2019\u00e9v\u00e9nement roubaisien revendique \u00eatre un march\u00e9 de No\u00ebl <b>durable<\/b> \u00ab\u2009pour c\u00e9l\u00e9brer la magie des f\u00eates de mani\u00e8re <b>\u00e9thique et z\u00e9ro d\u00e9chet<\/b>\u2009\u00bb, rappellent les organisateurs.<\/p>\n<p class=\" wall-content\">Chaque week-end, vous d\u00e9couvrirez dans les traditionnels <b>chalets<\/b> \u00ab\u2009des <b>produits durables, locaux et faits main<\/b>\u2009\u00bb. Seront propos\u00e9s objets de d\u00e9coration, bijoux, cr\u00e9ations textiles, gourmandises et autres id\u00e9es de cadeaux originales pour faire plaisir et se faire plaisir.<\/p>\n<p data-end=\"1403\" class=\" wall-content\">Parmi les exposants engag\u00e9s, on notera la pr\u00e9sence d\u2019Authentik Dco avec ses lampes et objets de d\u00e9coration \u00e0 partir d\u2019objets chin\u00e9s\u2009; le coll\u00e8ge Sainte-Marie de Roubaix, avec ses cr\u00e9ations bois et textiles r\u00e9alis\u00e9es par les \u00e9l\u00e8ves\u2009; ou encore M\u00e9l\u00e9fique, avec ses cookies addictifs.<\/p>\n<p data-end=\"1660\" class=\" wall-content\">Des <b>animations festives viendront \u00e9galement rythmer les week-ends<\/b> du march\u00e9\u2009: pr\u00e9sence du P\u00e8re No\u00ebl, performances vocales \u00ab\u2009et une folle canap\u00e9 mix party \u00e0 l\u2019occasion de la Nuit des Arts\u2009\u00bb.<\/p>\n<p>    <a href=\"https:\/\/www.facebook.com\/plugins\/post.php?href=https%3A%2F%2Fwww.facebook.com%2Froubaixshopping%2Fposts%2Fpfbid0LjKXiPwak7SxuepTuDjTKwCiqKsFTdC4PgwDSkvCkYiFn2juErqjuHZQyPRYhKJ2l&amp;show_text=true&amp;width=350\" title=\"Ouvrie le lien\" target=\"_blank\" rel=\"noopener\">Cliquez ici pour visualiser le contenu<\/a><\/p>\n<p data-end=\"1660\" class=\" wall-content\">Chaque week-end du vendredi au dimanche. Plus d\u2019infos sur le site\u2009: <a href=\"https:\/\/www.roubaixshopping.com\/marche-de-noel-durable\/\" target=\"_blank\" rel=\"noopener\">roubaixshopping.com<\/a>.<\/p>\n<p class=\" wall-content\">Personnalisez votre actualit\u00e9 en ajoutant vos villes et m\u00e9dias en favori avec <a href=\"https:\/\/moncompte.actu.fr\" title=\"D\u00e9couvez Mon Actu\" rel=\"nofollow noopener\" data-trk=\"{&quot;cta&quot;:{&quot;action&quot;:&quot;https:\\\/\\\/moncompte.actu.fr&quot;,&quot;category&quot;:&quot;mon compte&quot;,&quot;from&quot;:&quot;article footer&quot;,&quot;name&quot;:&quot;Mon actu&quot;,&quot;type&quot;:&quot;cta&quot;}}\" target=\"_blank\">Mon Actu<\/a>.<\/p>\n","protected":false},"excerpt":{"rendered":"Par Nicolas Demollien Publi\u00e9 le 26 nov. 2025 \u00e0 12h56 C\u2019est d\u00e9j\u00e0 sa 10e \u00e9dition et son succ\u00e8s&hellip;\n","protected":false},"author":2,"featured_media":560004,"comment_status":"","ping_status":"","sticky":false,"template":"","format":"standard","meta":{"footnotes":""},"categories":[2815],"tags":[1111,11,1777,674,1011,27,811,1307,1652,12,15830,25],"class_list":{"0":"post-560003","1":"post","2":"type-post","3":"status-publish","4":"format-standard","5":"has-post-thumbnail","7":"category-lille","8":"tag-actu","9":"tag-actualites","10":"tag-eu","11":"tag-europe","12":"tag-fr","13":"tag-france","14":"tag-hauts-de-france","15":"tag-lille","16":"tag-loisirs-culture","17":"tag-news","18":"tag-noel","19":"tag-republique-francaise"},"share_on_mastodon":{"url":"https:\/\/pubeurope.com\/@fr\/115616148667874745","error":""},"_links":{"self":[{"href":"https:\/\/www.europesays.com\/fr\/wp-json\/wp\/v2\/posts\/560003","targetHints":{"allow":["GET"]}}],"collection":[{"href":"https:\/\/www.europesays.com\/fr\/wp-json\/wp\/v2\/posts"}],"about":[{"href":"https:\/\/www.europesays.com\/fr\/wp-json\/wp\/v2\/types\/post"}],"author":[{"embeddable":true,"href":"https:\/\/www.europesays.com\/fr\/wp-json\/wp\/v2\/users\/2"}],"replies":[{"embeddable":true,"href":"https:\/\/www.europesays.com\/fr\/wp-json\/wp\/v2\/comments?post=560003"}],"version-history":[{"count":0,"href":"https:\/\/www.europesays.com\/fr\/wp-json\/wp\/v2\/posts\/560003\/revisions"}],"wp:featuredmedia":[{"embeddable":true,"href":"https:\/\/www.europesays.com\/fr\/wp-json\/wp\/v2\/media\/560004"}],"wp:attachment":[{"href":"https:\/\/www.europesays.com\/fr\/wp-json\/wp\/v2\/media?parent=560003"}],"wp:term":[{"taxonomy":"category","embeddable":true,"href":"https:\/\/www.europesays.com\/fr\/wp-json\/wp\/v2\/categories?post=560003"},{"taxonomy":"post_tag","embeddable":true,"href":"https:\/\/www.europesays.com\/fr\/wp-json\/wp\/v2\/tags?post=560003"}],"curies":[{"name":"wp","href":"https:\/\/api.w.org\/{rel}","templated":true}]}}