{"id":560005,"date":"2025-11-26T13:06:16","date_gmt":"2025-11-26T13:06:16","guid":{"rendered":"https:\/\/www.europesays.com\/fr\/560005\/"},"modified":"2025-11-26T13:06:16","modified_gmt":"2025-11-26T13:06:16","slug":"lille-le-penalty-naurait-pas-du-etre-siffle-football","status":"publish","type":"post","link":"https:\/\/www.europesays.com\/fr\/560005\/","title":{"rendered":"Lille : le penalty n&rsquo;aurait pas d\u00fb \u00eatre siffl\u00e9 &#8211; Football"},"content":{"rendered":"<p>afficher la suite &#8230;<\/p>\n<p class=\"par1\">Dimanche, Lille a dompt\u00e9 le Paris FC (4-2) en cl\u00f4ture de la 13e journ\u00e9e de Ligue 1. Une victoire m\u00e9rit\u00e9e et justifi\u00e9e, au contraire du dernier penalty siffl\u00e9 en faveur des Dogues par Beno\u00eet Millot dans le temps additionnel, pour une suppos\u00e9e faute de main du d\u00e9fenseur parisien Timoth\u00e9e Kolodziejczak. Dans son rapport hebdomadaire, la DTA n&rsquo;a relev\u00e9 qu&rsquo;une seule erreur sur le week-end, celle-ci.<\/p>\n<p>\u00ab\u00a0Le contact entre le ballon et le d\u00e9fenseur dans la surface de r\u00e9paration s&rsquo;effectue sur le flanc et le coude du bras gauche repli\u00e9, tr\u00e8s proche du corps, sans contact additionnel avec l&rsquo;autre bras. Cette position ne correspond pas \u00e0 une augmentation artificielle de la surface couverte par le corps du d\u00e9fenseur. Par cons\u00e9quent, la d\u00e9cision de penalty n&rsquo;\u00e9tait pas attendue\u00a0\u00bb, a indiqu\u00e9 l&rsquo;instance, alors que l&rsquo;arbitre a maintenu sa d\u00e9cision malgr\u00e9 l&rsquo;appel de la VAR.<b>Lu 2.705 fois<\/b> &#8211;  Gilles Campos &#8211; 26\/11\/25 \u00e0 13h24 <a target=\"_blank\" rel=\"nofollow noopener\" class=\"impr\" href=\"https:\/\/news.maxifoot.fr\/445287\/imprime.php\" title=\"Imprimer cette breve\">\u00a0<\/a><br class=\"aut1\"\/><\/p>\n","protected":false},"excerpt":{"rendered":"afficher la suite &#8230; Dimanche, Lille a dompt\u00e9 le Paris FC (4-2) en cl\u00f4ture de la 13e journ\u00e9e&hellip;\n","protected":false},"author":2,"featured_media":560006,"comment_status":"","ping_status":"","sticky":false,"template":"","format":"standard","meta":{"footnotes":""},"categories":[2815],"tags":[1111,11,1777,674,1011,27,811,1307,12,25],"class_list":{"0":"post-560005","1":"post","2":"type-post","3":"status-publish","4":"format-standard","5":"has-post-thumbnail","7":"category-lille","8":"tag-actu","9":"tag-actualites","10":"tag-eu","11":"tag-europe","12":"tag-fr","13":"tag-france","14":"tag-hauts-de-france","15":"tag-lille","16":"tag-news","17":"tag-republique-francaise"},"share_on_mastodon":{"url":"https:\/\/pubeurope.com\/@fr\/115616152611356915","error":""},"_links":{"self":[{"href":"https:\/\/www.europesays.com\/fr\/wp-json\/wp\/v2\/posts\/560005","targetHints":{"allow":["GET"]}}],"collection":[{"href":"https:\/\/www.europesays.com\/fr\/wp-json\/wp\/v2\/posts"}],"about":[{"href":"https:\/\/www.europesays.com\/fr\/wp-json\/wp\/v2\/types\/post"}],"author":[{"embeddable":true,"href":"https:\/\/www.europesays.com\/fr\/wp-json\/wp\/v2\/users\/2"}],"replies":[{"embeddable":true,"href":"https:\/\/www.europesays.com\/fr\/wp-json\/wp\/v2\/comments?post=560005"}],"version-history":[{"count":0,"href":"https:\/\/www.europesays.com\/fr\/wp-json\/wp\/v2\/posts\/560005\/revisions"}],"wp:featuredmedia":[{"embeddable":true,"href":"https:\/\/www.europesays.com\/fr\/wp-json\/wp\/v2\/media\/560006"}],"wp:attachment":[{"href":"https:\/\/www.europesays.com\/fr\/wp-json\/wp\/v2\/media?parent=560005"}],"wp:term":[{"taxonomy":"category","embeddable":true,"href":"https:\/\/www.europesays.com\/fr\/wp-json\/wp\/v2\/categories?post=560005"},{"taxonomy":"post_tag","embeddable":true,"href":"https:\/\/www.europesays.com\/fr\/wp-json\/wp\/v2\/tags?post=560005"}],"curies":[{"name":"wp","href":"https:\/\/api.w.org\/{rel}","templated":true}]}}