{"id":560014,"date":"2025-11-26T13:13:15","date_gmt":"2025-11-26T13:13:15","guid":{"rendered":"https:\/\/www.europesays.com\/fr\/560014\/"},"modified":"2025-11-26T13:13:15","modified_gmt":"2025-11-26T13:13:15","slug":"paris-previsions-meteo-du-mercredi-26-novembre-2025","status":"publish","type":"post","link":"https:\/\/www.europesays.com\/fr\/560014\/","title":{"rendered":"Paris : pr\u00e9visions m\u00e9t\u00e9o du mercredi 26 novembre 2025"},"content":{"rendered":"<p>\u00c0 Paris, la journ\u00e9e de mercredi 26 novembre 2025 s\u2019annonce fra\u00eeche avec un ciel variable, ponctu\u00e9 d\u2019\u00e9claircies. Les temp\u00e9ratures oscillent entre 5 et 9 \u00b0C, sans pr\u00e9cipitations notables en journ\u00e9e.<\/p>\n<p>    Matin : fra\u00eecheur et ciel changeant (lever 08 h 16)<\/p>\n<p>\u00c0 9 h, Paris s&rsquo;\u00e9veille sous un ciel variable. Le thermom\u00e8tre indique <b>5 \u00b0C<\/b>, avec un ressenti de <b>2 \u00b0C<\/b>. L\u2019humidit\u00e9, \u00e9lev\u00e9e \u00e0 87 %, accentue la sensation de froid, malgr\u00e9 quelques timides \u00e9claircies.<\/p>\n<p>Une brise d\u2019ouest-nord-ouest souffle \u00e0 environ 8 km\/h. Les parapluies peuvent rester au placard : la probabilit\u00e9 de pluie est nulle ce matin. On peut donc se rendre au bureau ou \u00e0 l\u2019\u00e9cole sans craindre d\u2019averse.<\/p>\n<p>Ces temp\u00e9ratures se situent dans la moyenne de fin novembre, g\u00e9n\u00e9ralement autour de 6 \u00b0C le matin \u00e0 Paris. L\u2019absence de pr\u00e9cipitations confirme l\u2019influence d\u2019un anticyclone sur le nord de la France.<\/p>\n<p>Conseils :<\/p>\n<ul>\n<li>Pr\u00e9voir une veste isolante ; l\u2019\u00e9cart entre la temp\u00e9rature r\u00e9elle et le ressenti approche 3 \u00b0C.<\/li>\n<li>Gants et \u00e9charpe conseill\u00e9s pour les trajets \u00e0 deux-roues.<\/li>\n<li>Profiter des \u00e9claircies pour a\u00e9rer les pi\u00e8ces, l\u2019air ext\u00e9rieur \u00e9tant l\u00e9g\u00e8rement ventil\u00e9.<\/li>\n<\/ul>\n<p>Apr\u00e8s-midi : mercure en l\u00e9g\u00e8re hausse<\/p>\n<p>Vers 15 h, le ciel reste partag\u00e9 entre \u00e9claircies et passages nuageux. La temp\u00e9rature grimpe \u00e0 <b>9 \u00b0C<\/b>, pour un ressenti de <b>6 \u00b0C<\/b>. Le taux d\u2019humidit\u00e9 descend \u00e0 66 %, rendant l\u2019atmosph\u00e8re plus agr\u00e9able.<\/p>\n<p>Le vent s\u2019oriente nord-nord-ouest, autour de 9 km\/h. Toujours aucune pluie \u00e0 l\u2019horizon, ce qui est appr\u00e9ciable pour les d\u00e9placements \u00e0 pied ou \u00e0 v\u00e9lo. Toutefois, l\u2019indice de ressenti inf\u00e9rieur \u00e0 la temp\u00e9rature r\u00e9elle incite \u00e0 garder un pull chaud.<\/p>\n<p>Ce temps calme s\u2019explique par la pr\u00e9sence d\u2019une dorsale anticyclonique centr\u00e9e sur l\u2019Atlantique, qui bloque les perturbations oc\u00e9aniques et limite l\u2019humidit\u00e9. La pression, stable \u00e0 1 022 hPa, en atteste.<\/p>\n<p>Impacts concrets :<\/p>\n<ul>\n<li>Circulation routi\u00e8re fluide, sans intemp\u00e9rie g\u00eanante.<\/li>\n<li>Possibilit\u00e9 de profiter d\u2019une pause en terrasse chauff\u00e9e, sans risque d\u2019averse.<\/li>\n<li>Photographes urbains : lumi\u00e8re changeante id\u00e9ale pour capturer la Seine ; pour l\u2019inspiration, consultez <a href=\"https:\/\/www.meteocity.com\/france\/paris-v2988507\/tourisme\" target=\"_blank\" rel=\"noopener\">notre page tourisme<\/a>.<\/li>\n<\/ul>\n<p>Soir : fra\u00eecheur humide avant la nuit (coucher 16 h 59)<\/p>\n<p>\u00c0 21 h, la couverture nuageuse s\u2019amenuise l\u00e9g\u00e8rement. Le thermom\u00e8tre redescend \u00e0 <b>6 \u00b0C<\/b>, avec un ressenti de <b>4 \u00b0C<\/b>. L\u2019humidit\u00e9 remonte \u00e0 86 %, apportant une fra\u00eecheur lourde sur les quais et dans les parcs.<\/p>\n<p>La brise passe \u00e0 l\u2019ouest-sud-ouest, faible autour de 4 km\/h. La pluie reste absente ; aucune perturbation routi\u00e8re ou ferroviaire li\u00e9e aux intemp\u00e9ries n\u2019est attendue. Cependant, la sensation de froid humide impose manteau et bonnet.<\/p>\n<p>En ville, le refroidissement radiatif sera limit\u00e9 par la couverture nuageuse r\u00e9siduelle. Il est conseill\u00e9 de ne pas baisser le chauffage trop t\u00f4t afin de pr\u00e9server le confort thermique des personnes sensibles.<\/p>\n<p>Avant de rentrer, pensez \u00e0 :<\/p>\n<ul>\n<li>Couper le chauffage ext\u00e9rieur des terrasses pour limiter la consommation.<\/li>\n<li>Surveiller les surfaces vitr\u00e9es : la condensation peut brouiller les vitrines.<\/li>\n<li>Pr\u00e9parer un trajet \u00e0 pied rapide pour limiter l\u2019exposition \u00e0 l\u2019humidit\u00e9.<\/li>\n<\/ul>\n<p>Tendance pour jeudi 27 novembre<\/p>\n<p>Les relev\u00e9s nocturnes laissent pr\u00e9sager une \u00e9volution plus humide. Dans la nuit, le ciel deviendra tr\u00e8s nuageux avec 7 \u00b0C et un ressenti de 5 \u00b0C. L\u2019humidit\u00e9, proche de 98 %, annonce un air satur\u00e9.<\/p>\n<p>Jeudi, la pluie faible devrait faire son apparition ; la probabilit\u00e9 atteint 26 % et les mod\u00e8les pr\u00e9voient quelques millim\u00e8tres cumul\u00e9s. Les temp\u00e9ratures resteront stables, avec un maximum de <b>7 \u00b0C<\/b> et un minimum de <b>4 \u00b0C<\/b>. Le vent de sud se renforcera l\u00e9g\u00e8rement, atteignant environ 14 km\/h.<\/p>\n<p>Impacts \u00e0 anticiper :<\/p>\n<ul>\n<li>Chauss\u00e9es potentiellement glissantes aux abords des parcs.<\/li>\n<li>Visibilit\u00e9 diminu\u00e9e pour les deux-roues : pr\u00e9voir des v\u00eatements r\u00e9fl\u00e9chissants.<\/li>\n<li>Transports en commun \u00e0 privil\u00e9gier pour \u00e9viter l\u2019humidit\u00e9 persistante.<\/li>\n<\/ul>\n<p>Adopter quelques gestes \u00e9co-responsables contribue \u00e0 limiter l\u2019impact \u00e9nerg\u00e9tique de cette fra\u00eecheur :<\/p>\n<ul>\n<li>Ajuster le thermostat \u00e0 19 \u00b0C dans les pi\u00e8ces de vie.<\/li>\n<li>Fermer les volets d\u00e8s 17 h pour conserver la chaleur.<\/li>\n<li>Utiliser les transports en commun, l\u2019offre \u00e9tant renforc\u00e9e cet hiver.<\/li>\n<\/ul>\n<p>Pour un suivi heure par heure, consultez <a href=\"https:\/\/www.meteocity.com\/france\/paris-v2988507\" target=\"_blank\" rel=\"noopener\">notre page d\u00e9di\u00e9e \u00e0 Paris<\/a>. Une mise \u00e0 jour y est r\u00e9alis\u00e9e plusieurs fois par jour pour affiner la pr\u00e9vision.<\/p>\n","protected":false},"excerpt":{"rendered":"\u00c0 Paris, la journ\u00e9e de mercredi 26 novembre 2025 s\u2019annonce fra\u00eeche avec un ciel variable, ponctu\u00e9 d\u2019\u00e9claircies. Les&hellip;\n","protected":false},"author":2,"featured_media":560015,"comment_status":"","ping_status":"","sticky":false,"template":"","format":"standard","meta":{"footnotes":""},"categories":[1888],"tags":[1111,1928,11,1927,1777,674,1011,27,12,1926,626,1925,25],"class_list":{"0":"post-560014","1":"post","2":"type-post","3":"status-publish","4":"format-standard","5":"has-post-thumbnail","7":"category-paris","8":"tag-actu","9":"tag-actu-paris","10":"tag-actualites","11":"tag-actualites-paris","12":"tag-eu","13":"tag-europe","14":"tag-fr","15":"tag-france","16":"tag-news","17":"tag-news-paris","18":"tag-paris","19":"tag-paris-news","20":"tag-republique-francaise"},"share_on_mastodon":{"url":"https:\/\/pubeurope.com\/@fr\/115616180182286507","error":""},"_links":{"self":[{"href":"https:\/\/www.europesays.com\/fr\/wp-json\/wp\/v2\/posts\/560014","targetHints":{"allow":["GET"]}}],"collection":[{"href":"https:\/\/www.europesays.com\/fr\/wp-json\/wp\/v2\/posts"}],"about":[{"href":"https:\/\/www.europesays.com\/fr\/wp-json\/wp\/v2\/types\/post"}],"author":[{"embeddable":true,"href":"https:\/\/www.europesays.com\/fr\/wp-json\/wp\/v2\/users\/2"}],"replies":[{"embeddable":true,"href":"https:\/\/www.europesays.com\/fr\/wp-json\/wp\/v2\/comments?post=560014"}],"version-history":[{"count":0,"href":"https:\/\/www.europesays.com\/fr\/wp-json\/wp\/v2\/posts\/560014\/revisions"}],"wp:featuredmedia":[{"embeddable":true,"href":"https:\/\/www.europesays.com\/fr\/wp-json\/wp\/v2\/media\/560015"}],"wp:attachment":[{"href":"https:\/\/www.europesays.com\/fr\/wp-json\/wp\/v2\/media?parent=560014"}],"wp:term":[{"taxonomy":"category","embeddable":true,"href":"https:\/\/www.europesays.com\/fr\/wp-json\/wp\/v2\/categories?post=560014"},{"taxonomy":"post_tag","embeddable":true,"href":"https:\/\/www.europesays.com\/fr\/wp-json\/wp\/v2\/tags?post=560014"}],"curies":[{"name":"wp","href":"https:\/\/api.w.org\/{rel}","templated":true}]}}