{"id":560016,"date":"2025-11-26T13:14:12","date_gmt":"2025-11-26T13:14:12","guid":{"rendered":"https:\/\/www.europesays.com\/fr\/560016\/"},"modified":"2025-11-26T13:14:12","modified_gmt":"2025-11-26T13:14:12","slug":"puy-de-dome-voici-quand-circuleront-les-nouveaux-trains-clermont-paris","status":"publish","type":"post","link":"https:\/\/www.europesays.com\/fr\/560016\/","title":{"rendered":"Puy-de-D\u00f4me : Voici quand circuleront les nouveaux trains Clermont-Paris"},"content":{"rendered":"<p class=\"mb-4 text-lg md:leading-8 break-words\"><strong>\u00e7a roule &#8211; Apr\u00e8s des ann\u00e9es de gal\u00e8re, le bout du tunnel est proche pour les usagers de la ligne reliant Clermont-Ferrand \u00e0 Paris<\/strong><\/p>\n<p class=\"mb-4 text-lg md:leading-8 break-words\">\u00ab\u00a0Un changement d\u2019\u00e9poque\u00a0\u00bb, c\u2019est en ces termes que le maire de Vichy a \u00e9voqu\u00e9 l\u2019arriv\u00e9e prochaine des nouvelles rames dites Oxyg\u00e8ne qui vont remplacer les trains Corail sur la ligne Intercit\u00e9s reliant Clermont-Ferrand \u00e0 Paris. Pr\u00e9sent\u00e9e lundi 24\u00a0novembre, comme l\u2019indique <a href=\"https:\/\/actu.fr\/auvergne-rhone-alpes\/clermont-ferrand_63113\/sncf-on-change-d-epoque-voici-quand-le-nouveau-train-clermont-paris-va-circuler_63483349.html?at_medium=RSS%20feed&amp;at_campaign=ynews&amp;utm_source=yahoo&amp;utm_medium=rss&amp;utm_campaign=news_feed&amp;utm_content=in_article_link\" rel=\"nofollow noopener\" target=\"_blank\" data-ylk=\"slk:Actu.fr;elm:context_link;itc:0;sec:content-canvas\" class=\"link \">Actu.fr<\/a>, cette transition tr\u00e8s attendue sur cet axe tr\u00e8s fr\u00e9quent\u00e9 de l\u2019Allier et du <a href=\"https:\/\/www.20minutes.fr\/dossier\/puy-dome?at_medium=RSS%20feed&amp;at_campaign=ynews&amp;utm_source=yahoo&amp;utm_medium=rss&amp;utm_campaign=news_feed&amp;utm_content=in_article_link\" rel=\"nofollow noopener\" target=\"_blank\" data-ylk=\"slk:Puy-de-D\u00f4me;elm:context_link;itc:0;sec:content-canvas\" class=\"link \">Puy-de-D\u00f4me<\/a>, est pr\u00e9vue pour\u00a02028.<\/p>\n<p class=\"mb-4 text-lg md:leading-8 break-words\">Le d\u00e9ploiement de ces <a href=\"https:\/\/www.20minutes.fr\/societe\/4179658-20251016-hauts-seine-metro-futur-entre-service-ligne-10?at_medium=RSS%20feed&amp;at_campaign=ynews&amp;utm_source=yahoo&amp;utm_medium=rss&amp;utm_campaign=news_feed&amp;utm_content=in_article_link\" rel=\"nofollow noopener\" target=\"_blank\" data-ylk=\"slk:nouvelles rames;elm:context_link;itc:0;sec:content-canvas\" class=\"link \">nouvelles rames<\/a> devrait permettre d\u2019offrir un confort, une r\u00e9gularit\u00e9 et une performance globale nettement plus \u00e9lev\u00e9s qu\u2019aujourd\u2019hui aux usagers. En ce qui concerne le calendrier pr\u00e9cis, il est pr\u00e9vu des essais techniques d\u00e8s le d\u00e9but de l\u2019ann\u00e9e\u00a02026, sans voyageurs, sur l\u2019ensemble de la ligne. La mise en service commerciale est annonc\u00e9e pour\u00a02027, avant un d\u00e9ploiement complet en\u00a02028.<\/p>\n<p>Une offre renforc\u00e9e<\/p>\n<p class=\"mb-4 text-lg md:leading-8 break-words\">Selon les estimations, la ligne gagnera entre sept et dix minutes de temps de trajet. Un Paris-Vichy devrait \u00eatre boucl\u00e9 en 2h43, avec neuf allers-retours quotidiens, soit un de plus qu\u2019actuellement. Diff\u00e9rents chantiers ont \u00e9t\u00e9 programm\u00e9s jusqu\u2019en\u00a02027 afin de moderniser les infrastructures.<\/p>\n<p class=\"mb-4 text-lg md:leading-8 break-words\">Parmi ces <a href=\"https:\/\/www.20minutes.fr\/paris\/4187363-20251123-paris-ile-france-perturbations-prevoir-ratp-sncf-semaine?at_medium=RSS%20feed&amp;at_campaign=ynews&amp;utm_source=yahoo&amp;utm_medium=rss&amp;utm_campaign=news_feed&amp;utm_content=in_article_link\" rel=\"nofollow noopener\" target=\"_blank\" data-ylk=\"slk:chantiers;elm:context_link;itc:0;sec:content-canvas\" class=\"link \">chantiers<\/a>, il y aura une r\u00e9alisation de nouveaux am\u00e9nagements \u00e9lectriques afin d\u2019am\u00e9liorer la puissance et la capacit\u00e9 \u00e9lectrique sur la ligne. Des renforcements de la voie ferr\u00e9e dans 7 zones de l\u2019axe sont aussi pr\u00e9vus.<\/p>\n<p class=\"mb-4 text-lg md:leading-8 break-words\"><a href=\"https:\/\/www.20minutes.fr\/societe\/4188006-20251126-puy-dome-voici-quand-circuleront-nouveaux-trains-clermont-paris?at_medium=RSS%20feed&amp;at_campaign=ynews&amp;utm_source=yahoo&amp;utm_medium=rss&amp;utm_campaign=news_feed&amp;utm_content=read_more_link&quot;\" rel=\"nofollow noopener\" target=\"_blank\" data-ylk=\"slk:Lire la suite sur 20minutes;elm:context_link;itc:0;sec:content-canvas\" class=\"link \">Lire la suite sur 20minutes<\/a><\/p>\n<p>\u00c0 lire aussi :<br \/><a href=\"https:\/\/www.20minutes.fr\/societe\/4186026-20251117-puy-dome-usagers-interpellent-president-sncf-jean-castex?at_medium=RSS%20feed&amp;at_campaign=ynews&amp;utm_source=yahoo&amp;utm_medium=rss&amp;utm_campaign=news_feed&amp;utm_content=related_content_link\" rel=\"nofollow noopener\" target=\"_blank\" data-ylk=\"slk:Puy-de-D\u00f4me\u00a0: Des usagers interpellent le pr\u00e9sident de la SNCF Jean Castex;elm:context_link;itc:0;sec:content-canvas\" class=\"link \">Puy-de-D\u00f4me\u00a0: Des usagers interpellent le pr\u00e9sident de la SNCF Jean Castex<\/a><br \/><a href=\"https:\/\/www.20minutes.fr\/faits_divers\/4185692-20251114-paris-coup-feu-gare-montparnasse-police-tire-homme-exhibait-couteau?at_medium=RSS%20feed&amp;at_campaign=ynews&amp;utm_source=yahoo&amp;utm_medium=rss&amp;utm_campaign=news_feed&amp;utm_content=related_content_link\" rel=\"nofollow noopener\" target=\"_blank\" data-ylk=\"slk:Paris\u00a0: Deux bless\u00e9s en gare Montparnasse apr\u00e8s que la police a tir\u00e9 sur un homme qui brandissait un couteau;elm:context_link;itc:0;sec:content-canvas\" class=\"link \">Paris\u00a0: Deux bless\u00e9s en gare Montparnasse apr\u00e8s que la police a tir\u00e9 sur un homme qui brandissait un couteau<\/a><\/p>\n","protected":false},"excerpt":{"rendered":"\u00e7a roule &#8211; Apr\u00e8s des ann\u00e9es de gal\u00e8re, le bout du tunnel est proche pour les usagers de&hellip;\n","protected":false},"author":2,"featured_media":560017,"comment_status":"","ping_status":"","sticky":false,"template":"","format":"standard","meta":{"footnotes":""},"categories":[1888],"tags":[1111,1928,11,1927,9050,1777,674,1011,27,12,1926,626,1925,38353,25],"class_list":{"0":"post-560016","1":"post","2":"type-post","3":"status-publish","4":"format-standard","5":"has-post-thumbnail","7":"category-paris","8":"tag-actu","9":"tag-actu-paris","10":"tag-actualites","11":"tag-actualites-paris","12":"tag-clermont-ferrand","13":"tag-eu","14":"tag-europe","15":"tag-fr","16":"tag-france","17":"tag-news","18":"tag-news-paris","19":"tag-paris","20":"tag-paris-news","21":"tag-puy-de-dome","22":"tag-republique-francaise"},"share_on_mastodon":{"url":"https:\/\/pubeurope.com\/@fr\/115616184175005616","error":""},"_links":{"self":[{"href":"https:\/\/www.europesays.com\/fr\/wp-json\/wp\/v2\/posts\/560016","targetHints":{"allow":["GET"]}}],"collection":[{"href":"https:\/\/www.europesays.com\/fr\/wp-json\/wp\/v2\/posts"}],"about":[{"href":"https:\/\/www.europesays.com\/fr\/wp-json\/wp\/v2\/types\/post"}],"author":[{"embeddable":true,"href":"https:\/\/www.europesays.com\/fr\/wp-json\/wp\/v2\/users\/2"}],"replies":[{"embeddable":true,"href":"https:\/\/www.europesays.com\/fr\/wp-json\/wp\/v2\/comments?post=560016"}],"version-history":[{"count":0,"href":"https:\/\/www.europesays.com\/fr\/wp-json\/wp\/v2\/posts\/560016\/revisions"}],"wp:featuredmedia":[{"embeddable":true,"href":"https:\/\/www.europesays.com\/fr\/wp-json\/wp\/v2\/media\/560017"}],"wp:attachment":[{"href":"https:\/\/www.europesays.com\/fr\/wp-json\/wp\/v2\/media?parent=560016"}],"wp:term":[{"taxonomy":"category","embeddable":true,"href":"https:\/\/www.europesays.com\/fr\/wp-json\/wp\/v2\/categories?post=560016"},{"taxonomy":"post_tag","embeddable":true,"href":"https:\/\/www.europesays.com\/fr\/wp-json\/wp\/v2\/tags?post=560016"}],"curies":[{"name":"wp","href":"https:\/\/api.w.org\/{rel}","templated":true}]}}