{"id":560047,"date":"2025-11-26T13:36:18","date_gmt":"2025-11-26T13:36:18","guid":{"rendered":"https:\/\/www.europesays.com\/fr\/560047\/"},"modified":"2025-11-26T13:36:18","modified_gmt":"2025-11-26T13:36:18","slug":"marko-toth-passe-de-luc-monaco-a-une-conti-actualite","status":"publish","type":"post","link":"https:\/\/www.europesays.com\/fr\/560047\/","title":{"rendered":"Marko Toth passe de l\u2019UC Monaco \u00e0 une Conti &#8211; Actualit\u00e9"},"content":{"rendered":"<p style=\"text-align: justify;\"><strong><a href=\"https:\/\/www.directvelo.com\/coureur\/50017\/marko-toth\" target=\"_blank\" rel=\"noopener\">Marko Toth<\/a><\/strong>\u00a0va quitter l\u2019UC Monaco apr\u00e8s deux saisons. Le Hongrois s\u2019est engag\u00e9 avec une Continentale de son pays, la <strong><a href=\"https:\/\/www.directvelo.com\/equipe\/10470\/team-united-shipping\" target=\"_blank\" rel=\"noopener\">Team United Shipping<\/a><\/strong>.<\/p>\n<p>Le coureur de 20 ans a fini cette ann\u00e9e 4e du Tour de Castello apr\u00e8s avoir termin\u00e9 2e, 6e et deux fois 7e d\u2019\u00e9tapes. Il s\u2019est aussi class\u00e9 7e du Crit\u00e9rium de Monaco, 11e du Grand Prix de la Saint-Pierre \u00e0 Alleins, 12e du Grand Prix de Valberg (Coupe de France N3), 14e du prologue du Tour du Szeklerland (2.2) ou encore 19e du GP Kranj (1.2).<\/p>\n<p>Retrouvez tous les transferts de l&rsquo;intersaison 2025-2026<strong>\u00a0<a href=\"https:\/\/www.directvelo.com\/mutations\/2026#teams-pro\" target=\"_blank\" rel=\"noopener\">en cliquant ici<\/a><\/strong>.<\/p>\n","protected":false},"excerpt":{"rendered":"Marko Toth\u00a0va quitter l\u2019UC Monaco apr\u00e8s deux saisons. Le Hongrois s\u2019est engag\u00e9 avec une Continentale de son pays,&hellip;\n","protected":false},"author":2,"featured_media":560048,"comment_status":"","ping_status":"","sticky":false,"template":"","format":"standard","meta":{"footnotes":""},"categories":[1411],"tags":[834,828,836,829,837,827,83,826,824,823,1154,207,814,817,815,816,822,821,832,211,839,1011,27,820,818,819,835,831,830,833,838,60,212,208,825],"class_list":{"0":"post-560047","1":"post","2":"type-post","3":"status-publish","4":"format-standard","5":"has-post-thumbnail","7":"category-cyclisme","8":"tag-attaque","9":"tag-belgique","10":"tag-braquet","11":"tag-bretagne","12":"tag-chute","13":"tag-competition","14":"tag-coupe-de-france","15":"tag-coureur","16":"tag-course-cyclisme","17":"tag-course-cycliste","18":"tag-cycling","19":"tag-cyclisme","20":"tag-direct","21":"tag-direct-velo","22":"tag-directvelo","23":"tag-directvelo-com","24":"tag-epreuve","25":"tag-epreuve-cycliste","26":"tag-federation-francaise-de-cyclisme","27":"tag-ffc","28":"tag-flandres","29":"tag-fr","30":"tag-france","31":"tag-live","32":"tag-live-course","33":"tag-live-epreuve","34":"tag-peloton","35":"tag-radio-peloton","36":"tag-radio-tour","37":"tag-ravitaillement","38":"tag-relance","39":"tag-sports","40":"tag-uci","41":"tag-velo","42":"tag-velos"},"share_on_mastodon":{"url":"https:\/\/pubeurope.com\/@fr\/115616270610965139","error":""},"_links":{"self":[{"href":"https:\/\/www.europesays.com\/fr\/wp-json\/wp\/v2\/posts\/560047","targetHints":{"allow":["GET"]}}],"collection":[{"href":"https:\/\/www.europesays.com\/fr\/wp-json\/wp\/v2\/posts"}],"about":[{"href":"https:\/\/www.europesays.com\/fr\/wp-json\/wp\/v2\/types\/post"}],"author":[{"embeddable":true,"href":"https:\/\/www.europesays.com\/fr\/wp-json\/wp\/v2\/users\/2"}],"replies":[{"embeddable":true,"href":"https:\/\/www.europesays.com\/fr\/wp-json\/wp\/v2\/comments?post=560047"}],"version-history":[{"count":0,"href":"https:\/\/www.europesays.com\/fr\/wp-json\/wp\/v2\/posts\/560047\/revisions"}],"wp:featuredmedia":[{"embeddable":true,"href":"https:\/\/www.europesays.com\/fr\/wp-json\/wp\/v2\/media\/560048"}],"wp:attachment":[{"href":"https:\/\/www.europesays.com\/fr\/wp-json\/wp\/v2\/media?parent=560047"}],"wp:term":[{"taxonomy":"category","embeddable":true,"href":"https:\/\/www.europesays.com\/fr\/wp-json\/wp\/v2\/categories?post=560047"},{"taxonomy":"post_tag","embeddable":true,"href":"https:\/\/www.europesays.com\/fr\/wp-json\/wp\/v2\/tags?post=560047"}],"curies":[{"name":"wp","href":"https:\/\/api.w.org\/{rel}","templated":true}]}}