{"id":560053,"date":"2025-11-26T13:39:18","date_gmt":"2025-11-26T13:39:18","guid":{"rendered":"https:\/\/www.europesays.com\/fr\/560053\/"},"modified":"2025-11-26T13:39:18","modified_gmt":"2025-11-26T13:39:18","slug":"lectoure-je-me-suis-laisse-porter-par-le-morceau-de-bois-ebeniste-pour-lelysee-il-est-aussi-sculpteur","status":"publish","type":"post","link":"https:\/\/www.europesays.com\/fr\/560053\/","title":{"rendered":"Lectoure. \u00ab\u00a0Je me suis laiss\u00e9 porter par le morceau de bois\u00a0\u00bb : \u00e9b\u00e9niste pour l\u2019Elys\u00e9e, il est aussi sculpteur"},"content":{"rendered":"<p>\n                                                                    l&rsquo;essentiel<br \/>\n                                                                Install\u00e9 \u00e0 Avezan, l\u2019\u00e9b\u00e9niste Vincent Cassat d\u00e9voile ses sculptures dans une exposition install\u00e9e \u00e0 la Manufacture G\u00e9n\u00e9rale Horlog\u00e8re de Lectoure.\n                            <\/p>\n<p>Tables, buffets et lampes en ch\u00eane, noyer ou \u00e9b\u00e8ne sont n\u00e9s de ses mains qui marient avec \u00e9l\u00e9gance les techniques ancestrales des XVIIe et XVIIIe si\u00e8cles (tiroirs \u00e0 queues-d\u2019aronde, cachettes secr\u00e8tes, ressorts invisibles) \u00e0 un design contemporain \u00e9pur\u00e9. Form\u00e9 \u00e0 l\u2019\u00e9cole de design de Nantes, Vincent Cassat excelle dans l\u2019art exigeant de l\u2019\u00e9b\u00e9nisterie traditionnelle. Son talent lui a valu une reconnaissance nationale inattendue.<b> <\/b><\/p>\n<p>En 2019, au salon R\u00e9v\u00e9lations du Grand Palais, le directeur du Mobilier national rep\u00e8re son travail. Suivent alors des commandes prestigieuses : trois canap\u00e9s pour les salons priv\u00e9s de l\u2019Elys\u00e9e, des chaises install\u00e9es dans le bureau du Premier ministre, t\u00e9moins silencieux de tous les gouvernements sous la pr\u00e9sidence d\u2019Emmanuel Macron.<\/p>\n<p>Install\u00e9 \u00e0 Avezan depuis un an, l\u2019artisan a cr\u00e9\u00e9 sa propre entreprise, perp\u00e9tuant le travail des essences locales (noyers, fr\u00eanes, ch\u00eanes) selon les m\u00e9thodes de plaquage traditionnelles. Une exposition actuellement \u00e0 la Manufacture G\u00e9n\u00e9rale Horlog\u00e8re d\u00e9voile une facette plus intime de son art en pr\u00e9sentant ses sculptures.<\/p>\n<p>Une qu\u00eate po\u00e9tique<\/p>\n<p>L\u2019histoire de cette m\u00e9tamorphose commence simplement, lors de l\u2019\u00e9lagage d\u2019un ch\u00eane. \u00ab\u00a0J\u2019ai mis de c\u00f4t\u00e9 les d\u00e9parts de fourche parce que je voyais d\u00e9j\u00e0 des formes, des yeux, confie-t-il. Je me suis laiss\u00e9 porter par le morceau de bois, mis \u00e0 son \u00e9coute\u00a0\u00bb.<\/p>\n<p>Ces \u0153uvres incarnent une qu\u00eate po\u00e9tique : r\u00e9v\u00e9ler le regard que la nature porte sur l\u2019humanit\u00e9. \u00ab\u00a0La nature \u00e9tait l\u00e0 avant et elle nous regarde depuis toujours, explique l\u2019\u00e9b\u00e9niste et sculpteur. Il y a un peu cette id\u00e9e-l\u00e0, essayer de faire ressortir l\u2019esprit de l\u2019arbre et de la nature, le regard qu\u2019elle porte sur nous\u00a0\u00bb.<\/p>\n<p>Derri\u00e8re la technicit\u00e9 du m\u00e9tier perce ainsi cette \u00ab\u00a0envie d\u2019autre chose\u00a0\u00bb : celle de r\u00e9v\u00e9ler l\u2019\u00e2me cach\u00e9e de la mati\u00e8re. Cette exposition permettra de d\u00e9couvrir comment un artisan dialogue avec le bois pour en extraire l\u2019essence invisible.<\/p>\n<p>A voir jusqu\u2019au vendredi 9 janvier, du lundi au vendredi, de 8 h 30 \u00e0 12 h 30 et de 14 heures \u00e0 17 heures.<\/p>\n","protected":false},"excerpt":{"rendered":"l&rsquo;essentiel Install\u00e9 \u00e0 Avezan, l\u2019\u00e9b\u00e9niste Vincent Cassat d\u00e9voile ses sculptures dans une exposition install\u00e9e \u00e0 la Manufacture G\u00e9n\u00e9rale&hellip;\n","protected":false},"author":2,"featured_media":560054,"comment_status":"","ping_status":"","sticky":false,"template":"","format":"standard","meta":{"footnotes":""},"categories":[1358],"tags":[1348,1384,1385,1386,58,59,1011,27],"class_list":{"0":"post-560053","1":"post","2":"type-post","3":"status-publish","4":"format-standard","5":"has-post-thumbnail","7":"category-arts-et-design","8":"tag-arts","9":"tag-arts-and-design","10":"tag-arts-et-design","11":"tag-design","12":"tag-divertissement","13":"tag-entertainment","14":"tag-fr","15":"tag-france"},"share_on_mastodon":{"url":"https:\/\/pubeurope.com\/@fr\/115616282261343850","error":""},"_links":{"self":[{"href":"https:\/\/www.europesays.com\/fr\/wp-json\/wp\/v2\/posts\/560053","targetHints":{"allow":["GET"]}}],"collection":[{"href":"https:\/\/www.europesays.com\/fr\/wp-json\/wp\/v2\/posts"}],"about":[{"href":"https:\/\/www.europesays.com\/fr\/wp-json\/wp\/v2\/types\/post"}],"author":[{"embeddable":true,"href":"https:\/\/www.europesays.com\/fr\/wp-json\/wp\/v2\/users\/2"}],"replies":[{"embeddable":true,"href":"https:\/\/www.europesays.com\/fr\/wp-json\/wp\/v2\/comments?post=560053"}],"version-history":[{"count":0,"href":"https:\/\/www.europesays.com\/fr\/wp-json\/wp\/v2\/posts\/560053\/revisions"}],"wp:featuredmedia":[{"embeddable":true,"href":"https:\/\/www.europesays.com\/fr\/wp-json\/wp\/v2\/media\/560054"}],"wp:attachment":[{"href":"https:\/\/www.europesays.com\/fr\/wp-json\/wp\/v2\/media?parent=560053"}],"wp:term":[{"taxonomy":"category","embeddable":true,"href":"https:\/\/www.europesays.com\/fr\/wp-json\/wp\/v2\/categories?post=560053"},{"taxonomy":"post_tag","embeddable":true,"href":"https:\/\/www.europesays.com\/fr\/wp-json\/wp\/v2\/tags?post=560053"}],"curies":[{"name":"wp","href":"https:\/\/api.w.org\/{rel}","templated":true}]}}