{"id":560059,"date":"2025-11-26T13:43:20","date_gmt":"2025-11-26T13:43:20","guid":{"rendered":"https:\/\/www.europesays.com\/fr\/560059\/"},"modified":"2025-11-26T13:43:20","modified_gmt":"2025-11-26T13:43:20","slug":"un-surprenant-docu-fiction-revient-sur-le-repaire-parisien-des-premiers-amateurs-de-hip-hop","status":"publish","type":"post","link":"https:\/\/www.europesays.com\/fr\/560059\/","title":{"rendered":"un surprenant docu-fiction revient sur le repaire parisien des premiers amateurs de hip-hop"},"content":{"rendered":"\n<p class=\"c-chapo \">\n  Cette petite boutique parisienne qui importait des \u00c9tats-Unis tout ce dont r\u00eavaient les B-Boys fran\u00e7ais et europ\u00e9ens, fut un incontournable du parcours hip-hop de 1986 \u00e0 1996. Tr\u00e8s original dans la forme, le film raconte cette \u00e9pop\u00e9e hors norme. \u00c0 voir sur Canal+.\n<\/p>\n<p>      lire plus tard<\/p>\n<p id=\"dialog__title\" class=\"dialog__title\">Pour sauvegarder cet article, connectez-vous ou cr\u00e9ez un compte franceinfo<\/p>\n<p class=\"dialog__description\">Sans paiement. Sans abonnement.<\/p>\n<p>        Fermer la fen\u00eatre d\u2019activation des notifications France Info<\/p>\n<p>      cr\u00e9er votre compte<\/p>\n<p>      se connecter<\/p>\n<p>        Fermer la fen\u00eatre de pr\u00e9sentation<\/p>\n<p>    <img loading=\"lazy\" decoding=\"async\" class=\"signature__image lazyload\" width=\"100\" height=\"100\" data- alt=\"\" src=\"https:\/\/www.europesays.com\/fr\/wp-content\/uploads\/2025\/07\/61b8b992ac9d6_laure-narlian.png\"\/><\/p>\n<p>          France T\u00e9l\u00e9visions &#8211; R\u00e9daction Culture<\/p>\n<p>    Publi\u00e9 le 26\/11\/2025 11:44<\/p>\n<p>      Mis \u00e0 jour le 26\/11\/2025 13:05<\/p>\n<p>        Temps de lecture : 5min<\/p>\n<p>    <img decoding=\"async\"  alt=\"La devanture du magasin Ticaret (Paris\u00a010e) vers 1990. Extrait du docu-fiction &quot;Ticaret&quot; de J.O.E. l'Extraterrestre produit par Canal+ (2025). (CAPA PRESSE\u00a0\/\u00a0BOOM FILMS\u00a0\/\u00a0CANAL+)\" width=\"432\" height=\"243\" src=\"https:\/\/www.europesays.com\/fr\/wp-content\/uploads\/2025\/11\/264095-005-6925d9ba2b1cb862242767.jpg\" fetchpriority=\"high\"\/><\/p>\n<p>      La devanture du magasin Ticaret (Paris\u00a010e) vers 1990. Extrait du docu-fiction \u00ab\u00a0Ticaret\u00a0\u00bb de J.O.E. l&rsquo;Extraterrestre produit par Canal+ (2025). (CAPA PRESSE\u00a0\/\u00a0BOOM FILMS\u00a0\/\u00a0CANAL+)<\/p>\n<p>Pour les premiers Fran\u00e7ais foudroy\u00e9s par le hip-hop, Ticaret fut un rendez-vous incontournable. Durant une dizaine d&rsquo;ann\u00e9es, cette petite boutique ouverte en 1986 au 52\u00a0rue du Ch\u00e2teau Landon (Paris 10e) fut \u00e0 l&rsquo;\u00e9picentre du mouvement. Un docu-fiction en deux parties d&rsquo;une heure chacune, propos\u00e9 par Canal+ et r\u00e9alis\u00e9 par J.O.E. l&rsquo;Extraterrestre, retrace l&rsquo;histoire de ce lieu mythique.<\/p>\n<p>Situ\u00e9 \u00e0 deux pas du fameux terrain vague de La Chapelle o\u00f9 le pionnier DJ\u00a0Dee\u00a0Nasty organisait les premi\u00e8res \u00ab\u00a0block parties\u00a0\u00bb parisiennes en musique comme dans le Bronx, Ticaret fut mont\u00e9 par un tandem improbable. D&rsquo;un c\u00f4t\u00e9, Fran\u00e7oise Hautot, ancienne mannequin cabine et cr\u00e9atrice de mode option friperie chic, dot\u00e9e d&rsquo;un solide sens des affaires, et de l&rsquo;autre, Dan Fourneuf, un \u00e9lectricien passionn\u00e9 de rollers tomb\u00e9 t\u00eate la premi\u00e8re dans le hip-hop.<\/p>\n<\/p>\n<p>Au d\u00e9part, le magasin vend essentiellement de la fripe. Mais les amateurs de hip-hop qui commencent \u00e0 s&rsquo;y retrouver r\u00e9clament \u00e0 Fran\u00e7oise qui se rend r\u00e9guli\u00e8rement \u00e0 New\u00a0York pour chiner, de rapporter les attributs qu&rsquo;arborent les stars du rap sur leurs pochettes et dans leurs clips.<\/p>\n<p>Le bonnet Kangol comme LL\u00a0Cool\u00a0J, les \u00ab\u00a0nameplates\u00a0\u00bb en boucles de ceinture et en colliers comme les Beastie Boys ou Run\u00a0DMC, le blouson bomber de Public Enemy, les bagues trois doigts, les fausses dents en or et les baskets sigl\u00e9es\u00a0: Ticaret propose peu \u00e0 peu tous les signes distinctifs du code vestimentaire et identitaire du B-Boy. Les B-Girls, elles, attendront. Dan en t\u00e9moigne dans le film\u00a0: rien n&rsquo;\u00e9tait pr\u00e9vu les premiers temps pour les filles du mouvement, alors que prosp\u00e9raient les rappeuses comme Queen Latifah et Salt &amp;\u00a0Peppa, mais il y rem\u00e9dia.<\/p>\n<p>Ce point de ralliement est d&rsquo;abord fr\u00e9quent\u00e9 par les graffeurs du BBC\u00a0Crew, qui travaillent leurs lettrages sur cahier durant des heures au comptoir de Ticaret, et en peignent l&rsquo;enseigne. Puis le corner d\u00e9di\u00e9 \u00e0 la fripe de la boutique r\u00e9tr\u00e9cit au profit du hip-hop. \u00ab\u00a0Ce sont les gens de la rue, la communaut\u00e9 hip-hop, qui ont cr\u00e9\u00e9 Ticaret\u00a0\u00bb, par leur pr\u00e9sence et leurs demandes, estime Dan.<\/p>\n<p>Bient\u00f4t, on vient, parfois d&rsquo;aussi loin que Bruxelles ou m\u00eame d&rsquo;Allemagne, y commander du travail aux graffeurs, y s\u00e9rigraphier des T-shirts, y \u00e9couter les derniers vinyles introuvables en Europe, se jeter sur les derni\u00e8res mixtapes de Cut\u00a0Killer et Dj\u00a0Abdel, y r\u00e9cup\u00e9rer une boucle de ceinture avec son \u00ab\u00a0blaze\u00a0\u00bb, y acheter le fanzine hip-hop <a href=\"https:\/\/www.franceinfo.fr\/culture\/musique\/rap\/get-busy-anthologie-le-meilleur-de-lultime-fanzine-de-hip-hop-reuni-dans-un-beau-livre_4880075.html\" target=\"_blank\" rel=\"noopener\">Get Busy<\/a>,\u00a0et surtout s&rsquo;informer, rencontrer et \u00e9changer avec ses semblables.<\/p>\n<p>    <img loading=\"lazy\" decoding=\"async\" class=\"cms-media-image lazyload\" alt=\"Reconstitution de l'int\u00e9rieur de la boutique parisienne Ticaret, avec les fondateurs Dan et Fran\u00e7oise, dans le docu-fiction &quot;Ticaret&quot; de J.O.E. l'Extraterrestre produit par Canal+ (2025). (CAPA PRESSE\u00a0\/\u00a0BOOM FILMS\u00a0\/\u00a0CANAL+)\" width=\"720\" height=\"405\" data- src=\"https:\/\/www.europesays.com\/fr\/wp-content\/uploads\/2025\/11\/264095-006-6925da860c135220814047.jpg\"\/><\/p>\n<p>      Reconstitution de l&rsquo;int\u00e9rieur de la boutique parisienne Ticaret, avec les fondateurs Dan et Fran\u00e7oise, dans le docu-fiction \u00ab\u00a0Ticaret\u00a0\u00bb de J.O.E. l&rsquo;Extraterrestre produit par Canal+ (2025). (CAPA PRESSE\u00a0\/\u00a0BOOM FILMS\u00a0\/\u00a0CANAL+)<\/p>\n<p>Dans ce dr\u00f4le d&rsquo;ovni filmique, o\u00f9 l&rsquo;on apprend entre autres choses que les premi\u00e8res baskets ont \u00e9t\u00e9 cr\u00e9\u00e9es dans l&rsquo;Allemagne nazie et que les couvre-chefs Kangol \u00e9taient fabriqu\u00e9s dans les Pyr\u00e9n\u00e9es, on croise tr\u00e8s peu de documents vid\u00e9o d&rsquo;\u00e9poque.<\/p>\n<p>Leur raret\u00e9 est compens\u00e9e par des images de reconstitution jou\u00e9es par des com\u00e9diens, des collages psych\u00e9d\u00e9liques, des passages lyriques dits par le com\u00e9dien Reda Kateb, et une profusion de t\u00e9moignages.<\/p>\n<p>Dan et Fran\u00e7oise racontent cette \u00e9pop\u00e9e avec recul et moult d\u00e9tails r\u00e9jouissants (qui auraient cependant gagn\u00e9 \u00e0 \u00eatre raccourcis dans la premi\u00e8re partie). On retrouve r\u00e9guli\u00e8rement Booba, qui effectua un stage d&rsquo;un an \u00e0 la boutique \u00e0 l&rsquo;\u00e2ge de 17\u00a0ans et y posa ses premi\u00e8res rimes au micro avec La\u00a0Cliqua dans le studio am\u00e9nag\u00e9 au sous-sol. Dan se souvient d&rsquo;avoir \u00e9t\u00e9 bluff\u00e9 par son talent\u00a0: \u00ab\u00a0On n&rsquo;avait jamais entendu rapper comme lui avant. Il n&rsquo;\u00e9tait pas au-dessus des autres, il \u00e9tait d\u00e9j\u00e0 sur une autre plan\u00e8te.\u00a0\u00bb<\/p>\n<p>JoeyStarr, Oxmo Puccino, Solo de Assassin, Cut Killer,\u00a0Ash et Skki du BBC\u00a0Crew, Crazy JM de IZB et Sear de Get Busy, tous t\u00e9moignent, souvent avec des \u00e9toiles dans les yeux. \u00ab\u00a0C&rsquo;\u00e9tait une sorte de portail inter-dimensionnel et intemporel dans lequel tu te retrouvais \u00e0 New\u00a0York, un peu \u00e0 Londres aussi, et \u00e0 Paris, mais \u00e0 Paris dans le futur\u00a0\u00bb, se rem\u00e9more Oxmo Puccino. \u00ab\u00a0Je regardais [les \u00e9missions] Rap Line ou Yo MTV Rap, eh bien Ticaret, c&rsquo;\u00e9tait comme si tu rentrais dans ton \u00e9cran de t\u00e9l\u00e9\u00a0\u00bb, compare Booba. \u00ab\u00a0Dans la culture hip-hop et B-Boy europ\u00e9enne, \u00e0 cette \u00e9poque-l\u00e0, passer par Ticaret, c&rsquo;\u00e9tait le p\u00e8lerinage, parfois juste pour aller voir, m\u00eame pas pour acheter\u00a0\u00bb, r\u00e9sume Solo de Assassin.<\/p>\n<p>Concept-store avant l&rsquo;heure, \u00ab\u00a0plaque tournante plus que commerce\u00a0\u00bb, \u00ab\u00a0passerelle entre les \u00c9tats-Unis et la France\u00a0\u00bb, Ticaret a baiss\u00e9 d\u00e9finitivement le rideau en 1996. \u00ab\u00a0J&rsquo;ai compris que le magasin \u00e9tait devenu mythique quand on a ferm\u00e9\u00a0\u00bb, avoue Dan. Trente\u00a0ans plus tard, ce \u00ab\u00a0monument\u00a0\u00bb hip-hop d&rsquo;ici valait bien un documentaire.<\/p>\n<p><strong>\u00ab\u00a0Ticaret\u00a0\u00bb de J.O.E. l&rsquo;Extraterrestre (2025), en deux \u00e9pisodes de 60\u00a0min chacun, est visible depuis lundi\u00a024\u00a0novembre sur Canal+<\/strong><\/p>\n","protected":false},"excerpt":{"rendered":"Cette petite boutique parisienne qui importait des \u00c9tats-Unis tout ce dont r\u00eavaient les B-Boys fran\u00e7ais et europ\u00e9ens, fut&hellip;\n","protected":false},"author":2,"featured_media":560060,"comment_status":"","ping_status":"","sticky":false,"template":"","format":"standard","meta":{"footnotes":""},"categories":[1354],"tags":[58,59,1346,1011,27,1360],"class_list":{"0":"post-560059","1":"post","2":"type-post","3":"status-publish","4":"format-standard","5":"has-post-thumbnail","7":"category-films","8":"tag-divertissement","9":"tag-entertainment","10":"tag-films","11":"tag-fr","12":"tag-france","13":"tag-movies"},"share_on_mastodon":{"url":"https:\/\/pubeurope.com\/@fr\/115616299481440902","error":""},"_links":{"self":[{"href":"https:\/\/www.europesays.com\/fr\/wp-json\/wp\/v2\/posts\/560059","targetHints":{"allow":["GET"]}}],"collection":[{"href":"https:\/\/www.europesays.com\/fr\/wp-json\/wp\/v2\/posts"}],"about":[{"href":"https:\/\/www.europesays.com\/fr\/wp-json\/wp\/v2\/types\/post"}],"author":[{"embeddable":true,"href":"https:\/\/www.europesays.com\/fr\/wp-json\/wp\/v2\/users\/2"}],"replies":[{"embeddable":true,"href":"https:\/\/www.europesays.com\/fr\/wp-json\/wp\/v2\/comments?post=560059"}],"version-history":[{"count":0,"href":"https:\/\/www.europesays.com\/fr\/wp-json\/wp\/v2\/posts\/560059\/revisions"}],"wp:featuredmedia":[{"embeddable":true,"href":"https:\/\/www.europesays.com\/fr\/wp-json\/wp\/v2\/media\/560060"}],"wp:attachment":[{"href":"https:\/\/www.europesays.com\/fr\/wp-json\/wp\/v2\/media?parent=560059"}],"wp:term":[{"taxonomy":"category","embeddable":true,"href":"https:\/\/www.europesays.com\/fr\/wp-json\/wp\/v2\/categories?post=560059"},{"taxonomy":"post_tag","embeddable":true,"href":"https:\/\/www.europesays.com\/fr\/wp-json\/wp\/v2\/tags?post=560059"}],"curies":[{"name":"wp","href":"https:\/\/api.w.org\/{rel}","templated":true}]}}