{"id":560061,"date":"2025-11-26T13:44:14","date_gmt":"2025-11-26T13:44:14","guid":{"rendered":"https:\/\/www.europesays.com\/fr\/560061\/"},"modified":"2025-11-26T13:44:14","modified_gmt":"2025-11-26T13:44:14","slug":"cette-maladie-meconnue-est-la-quatrieme-cause-de-mortalite-au-monde-voici-quels-sont-ses-symptomes","status":"publish","type":"post","link":"https:\/\/www.europesays.com\/fr\/560061\/","title":{"rendered":"Cette maladie m\u00e9connue est la quatri\u00e8me cause de mortalit\u00e9 au monde\u00a0: voici quels sont ses sympt\u00f4mes"},"content":{"rendered":"<p><a href=\"https:\/\/www.parismatch.be\/actualites\/sante\/2025\/05\/13\/quest-ce-que-le-syndrome-du-poumon-pop-corn-une-maladie-rare-et-incurable-qui-touche-les-jeunes-2XWDDHWBP5GRDMEPQMEQSMJMG4\/\" target=\"_self\" class=\"ap-StoryInterstitialLink ap-StoryElement ap-StoryElement--mb js-paywall-target\" rel=\"noopener\">Qu&rsquo;est-ce que le \u00ab\u00a0syndrome du poumon pop-corn\u00a0\u00bb, une maladie rare et incurable qui touche les jeunes ?<\/a>Quelle est cette maladie et quels sont les sympt\u00f4mes ?<\/p>\n<p class=\"ap-StoryElement ap-StoryElement--mb ap-StoryText\">Si elle touche autant les Fran\u00e7ais, ce serait notamment car le <a href=\"https:\/\/www.parismatch.be\/actualites\/sante\/2024\/12\/30\/voici-le-temps-de-vie-que-vous-perdez-apres-chaque-cigarette-fumee-NVOESPRXUNFZFK55PHWXIKARQU\/\" target=\"_self\" rel=\"noopener\">tabagisme<\/a> en serait la cause principale, dans 85 % des cas. Les fumeurs passifs ou encore l&rsquo;exposition \u00e0 la pollution atmosph\u00e9rique pourraient \u00e9galement \u00eatre des facteurs de risque.<\/p>\n<p class=\"ap-StoryElement ap-StoryElement--mb ap-StoryText\">Cette maladie, qui se manifeste souvent apr\u00e8s 40 ans, notamment chez les fumeurs, c&rsquo;est la <a href=\"https:\/\/www.parismatch.be\/actualites\/sante\/2025\/09\/18\/la-principale-cause-de-deces-premature-en-belgique-est-connue-5XDXJ2FOJFFQHJYE7T37BR4P7I\/\" target=\"_self\" rel=\"noopener\">bronchopneumopathie chronique obstructive<\/a>, ou BPCO, pour faire plus simple. Elle a d&rsquo;ailleurs droit \u00e0 sa propre Journ\u00e9e mondiale, m\u00eame si elle reste m\u00e9connue, le 21 novembre.<\/p>\n<p class=\"ap-StoryElement ap-StoryElement--mb ap-StoryText\">Parmi ses premiers sympt\u00f4mes, on peut citer une toux persistante, un essoufflement progressif, m\u00eame au repos, suivis d&rsquo;exacerbations (infections bronchopulmonaires r\u00e9p\u00e9t\u00e9es). Lorsque les bronches s&rsquo;enflamment et que les alv\u00e9oles pulmonaires se d\u00e9truisent, les d\u00e9g\u00e2ts de la maladie deviennent irr\u00e9versibles.<\/p>\n<p>La plupart des personnes touch\u00e9es par cette maladie ne sont pas au courant<\/p>\n<p class=\"ap-StoryElement ap-StoryElement--mb ap-StoryText\">Le gros probl\u00e8me avec la bronchopneumopathie chronique obstructive, c&rsquo;est que 70 % des personnes qui en souffrent l&rsquo;ignorent, selon une \u00e9tude men\u00e9e par la Soci\u00e9t\u00e9 thoracique am\u00e9ricaine. En cause ? L&rsquo;acc\u00e8s insuffisant \u00e0 la spirom\u00e9trie, qui est un examen mesurant la capacit\u00e9 respiratoire et qui \u00e9value l&rsquo;essoufflement, la toux ainsi que les expectorations et les ant\u00e9c\u00e9dents de tabagisme.<\/p>\n<p><a href=\"https:\/\/www.parismatch.be\/actualites\/sante\/2025\/11\/20\/vous-vous-levez-souvent-dans-la-nuit-pour-aller-aux-toilettes-attention-cela-peut-cacher-un-probleme-de-sante-important-Y37VBRHLQFGRBFCHKXL6XY56BA\/\" target=\"_self\" class=\"ap-StoryInterstitialLink ap-StoryElement ap-StoryElement--mb\" rel=\"noopener\">Vous vous levez souvent dans la nuit pour aller aux toilettes ? Attention, cela peut cacher un probl\u00e8me de sant\u00e9 important<\/a><\/p>\n<p class=\"ap-StoryElement ap-StoryElement--mb ap-StoryText\">Il est donc recommand\u00e9 de se faire d\u00e9pister, surtout si vous fumez ou que vous \u00eates particuli\u00e8rement expos\u00e9s aux polluants. La BPCO est d&rsquo;ailleurs souvent sous-diagnostiqu\u00e9e chez les femmes, alors qu&rsquo;elle est plus s\u00e9v\u00e8re. Si vous rep\u00e9rez des sympt\u00f4mes, rendez visite \u00e0 votre m\u00e9decin et tenter d&rsquo;adopter un mode de vie plus sain.<\/p>\n","protected":false},"excerpt":{"rendered":"Qu&rsquo;est-ce que le \u00ab\u00a0syndrome du poumon pop-corn\u00a0\u00bb, une maladie rare et incurable qui touche les jeunes ?Quelle est&hellip;\n","protected":false},"author":2,"featured_media":560062,"comment_status":"","ping_status":"","sticky":false,"template":"","format":"standard","meta":{"footnotes":""},"categories":[10],"tags":[65757,67704,1011,27,72,226,6968,2570,66658,71,29765],"class_list":{"0":"post-560061","1":"post","2":"type-post","3":"status-publish","4":"format-standard","5":"has-post-thumbnail","7":"category-sante","8":"tag-bpco","9":"tag-bronchopneumopathie-chronique-obstructive","10":"tag-fr","11":"tag-france","12":"tag-health","13":"tag-maladie","14":"tag-mortalite","15":"tag-oms","16":"tag-respiratoire","17":"tag-sante","18":"tag-symptomes"},"share_on_mastodon":{"url":"https:\/\/pubeurope.com\/@fr\/115616301992242005","error":""},"_links":{"self":[{"href":"https:\/\/www.europesays.com\/fr\/wp-json\/wp\/v2\/posts\/560061","targetHints":{"allow":["GET"]}}],"collection":[{"href":"https:\/\/www.europesays.com\/fr\/wp-json\/wp\/v2\/posts"}],"about":[{"href":"https:\/\/www.europesays.com\/fr\/wp-json\/wp\/v2\/types\/post"}],"author":[{"embeddable":true,"href":"https:\/\/www.europesays.com\/fr\/wp-json\/wp\/v2\/users\/2"}],"replies":[{"embeddable":true,"href":"https:\/\/www.europesays.com\/fr\/wp-json\/wp\/v2\/comments?post=560061"}],"version-history":[{"count":0,"href":"https:\/\/www.europesays.com\/fr\/wp-json\/wp\/v2\/posts\/560061\/revisions"}],"wp:featuredmedia":[{"embeddable":true,"href":"https:\/\/www.europesays.com\/fr\/wp-json\/wp\/v2\/media\/560062"}],"wp:attachment":[{"href":"https:\/\/www.europesays.com\/fr\/wp-json\/wp\/v2\/media?parent=560061"}],"wp:term":[{"taxonomy":"category","embeddable":true,"href":"https:\/\/www.europesays.com\/fr\/wp-json\/wp\/v2\/categories?post=560061"},{"taxonomy":"post_tag","embeddable":true,"href":"https:\/\/www.europesays.com\/fr\/wp-json\/wp\/v2\/tags?post=560061"}],"curies":[{"name":"wp","href":"https:\/\/api.w.org\/{rel}","templated":true}]}}