{"id":560065,"date":"2025-11-26T13:46:12","date_gmt":"2025-11-26T13:46:12","guid":{"rendered":"https:\/\/www.europesays.com\/fr\/560065\/"},"modified":"2025-11-26T13:46:12","modified_gmt":"2025-11-26T13:46:12","slug":"un-couple-se-separe-en-plein","status":"publish","type":"post","link":"https:\/\/www.europesays.com\/fr\/560065\/","title":{"rendered":"un couple se s\u00e9pare en plein &#8230;"},"content":{"rendered":"<p>EN BREF<\/p>\n<ul class=\"bloc_resume_post_list\">\n<li>La saison 20 de L\u00a0\u00bbamour est dans le pr\u00e9 se termine le 1er<br \/>\nd\u00e9cembre prochain avec la diffusion de la fin du bilan, d\u00e9j\u00e0 dispo<br \/>\nsur M6+.<\/li>\n<li>Dans cette seconde partie, Karine Le Marchand apprend<br \/>\navec stupeur qu&rsquo;un couple s&rsquo;est s\u00e9par\u00e9 pendant le tournage du<br \/>\nbilan.<\/li>\n<li>Cette rupture ne surprendra peut-\u00eatre pas tous les<br \/>\nt\u00e9l\u00e9spectateurs, dont certains l&rsquo;avaient s\u00fbrement vue<br \/>\nvenir&#8230;<\/li>\n<\/ul>\n<p>La premi\u00e8re partie du bilan de la saison 20 de L\u2019amour est dans<br \/>\nle pr\u00e9 a \u00e9t\u00e9 diffus\u00e9e sur <a href=\"https:\/\/www.m6.fr\/\" rel=\"nofollow noopener\" target=\"_blank\">M6<\/a> et cela signifie que la suite et fin de cette<br \/>\nsaison anniversaire est d\u00e9j\u00e0 disponible sur M6+. Pour les plus<br \/>\ncurieuses et curieux, on a d\u00e9j\u00e0 jet\u00e9 un \u0153il \u00e0 ce qu\u2019il se passe<br \/>\npour certains agriculteurs et agricultrices et le moins qu\u2019on<br \/>\npuisse dire est que les rebondissements sont toujours au<br \/>\nrendez-vous. Outre <a href=\"https:\/\/www.telestar.fr\/tele_realite\/adp\/lamour-est-dans-le-pre-2025-spoiler-le-gros-coup-de-massue-ce-candidat-sest-fait-plaquer-1746561\" target=\"_blank\" rel=\"noopener\"><br \/>\nla s\u00e9paration de Julien et Louise<\/a> qui n\u2019a pas manqu\u00e9 de<br \/>\nsurprendre, <strong>un autre couple se d\u00e9chire &#8211; et cette fois en<br \/>\nplein tournage<\/strong>.<\/p>\n<p>Jean-Louis et Isabelle, \u00e0 propos desquels <a href=\"https:\/\/www.telestar.fr\/tele_realite\/adp\/lamour-est-dans-le-pre-jean-louis-et-isabelle-seront-ils-ensemble-au-bilan-1745662\" target=\"_blank\" rel=\"noopener\"><br \/>\nles th\u00e9ories sont all\u00e9es bon train<\/a> tout au long de la saison,<br \/>\nsont venus ensemble au bilan, mais c\u2019est s\u00e9par\u00e9s qu\u2019ils en<br \/>\nrepartiront. Une histoire encore bien compliqu\u00e9e que Jean-Louis<br \/>\nr\u00e9capitule aupr\u00e8s de Karine Le Marchand. Eh oui, car<br \/>\n<strong>l\u2019agriculteur semblait bien avoir trouv\u00e9 sa perle<br \/>\nrare<\/strong> en la personne d\u2019Isabelle. Apr\u00e8s le d\u00e9part de Sylvie,<br \/>\nle couple a pu se rapprocher et tout semblait aller pour le<br \/>\nmieux.<\/p>\n<p>L\u2019amour est dans le pr\u00e9 : Isabelle et Jean-Louis se sont remis<br \/>\nensemble\u2026<\/p>\n<p>Seulement dans le dernier \u00e9pisode de la saison avant le bilan,<br \/>\nJean-Louis s\u2019est rendu \u00e0 Dunkerque o\u00f9 il a retrouv\u00e9 Isabelle dans<br \/>\nun \u00ab\u00a0endroit neutre\u00a0\u00bb pour parler de leurs diff\u00e9rents. Sa pr\u00e9tendante<br \/>\nlui a expliqu\u00e9 qu\u2019elle ne pouvait plus continuer ainsi, et<br \/>\n<strong>le couple s\u2019est s\u00e9par\u00e9<\/strong>. Mais voil\u00e0 que pendant le<br \/>\nbilan, Jean-Louis raconte \u00e0 Karine Le Marchand qu\u2019Isabelle l\u2019a<br \/>\nrecontact\u00e9 environ un mois avant le tournage du bilan pour remettre<br \/>\n\u00e7a, au point d\u2019envisager un emm\u00e9nagement chez l\u2019agriculteur.<\/p>\n<p>Une bonne nouvelle\u2026 si elle avait dur\u00e9. Car lorsqu\u2019elle arrive<br \/>\nface \u00e0 la pr\u00e9sentatrice phare de M6, <strong>Isabelle confie qu\u2019ils<br \/>\n\u00e9taient ensemble, mais qu\u2019ils sont d\u00e9sormais s\u00e9par\u00e9s.<\/strong><br \/>\n\u00ab\u00a0On s\u2019est s\u00e9par\u00e9 aujourd\u2019hui, il y a quelques heures\u00a0\u00bb<br \/>\nsouligne la pr\u00e9tendante avec les larmes aux yeux. \u00ab\u00a0C\u2019est<br \/>\nd\u00e9finitif car il y a des diff\u00e9rends. J\u2019ai exprim\u00e9 le fait que<br \/>\nj\u2019attendais plus d\u2019attentions de sa part mais il y a des choses que<br \/>\nJean-Louis ne peut pas m\u2019apporter\u00a0\u00bb a -t-elle continu\u00e9.<\/p>\n<p>\u2026 puis se sont s\u00e9par\u00e9s pendant le<br \/>\nbilan<\/p>\n<p>Une s\u00e9paration pas si surprenante au vu de l&rsquo;historique du<br \/>\ncouple et <a href=\"https:\/\/www.telestar.fr\/tele_realite\/adp\/lamour-est-dans-le-pre-spoiler-jean-louis-bientot-au-coeur-dun-drame-les-telespectateurs-en-sont-surs-1738957\" target=\"_blank\" rel=\"noopener\"><br \/>\ndes inqui\u00e9tudes des\u00a0 t\u00e9l\u00e9spectateurs pr\u00e9sentes depuis le<br \/>\nd\u00e9but<\/a> de la saison. De son c\u00f4t\u00e9 Jean-Louis &#8211; \u00e0 l\u2019origine de la<br \/>\nrupture &#8211; est attrist\u00e9 par la situation mais il est au moins<br \/>\nd\u2019accord sur leur incompatibilit\u00e9. Il a conscience que quelque<br \/>\nchose coince et que <strong>malgr\u00e9 des efforts, les m\u00eames probl\u00e8mes<br \/>\nreviendront.<\/strong> Karine Le Marchand approuve et invite les<br \/>\nt\u00e9l\u00e9spectatrices qui pensent correspondre aux crit\u00e8res de<br \/>\nJean-Louis \u00e0 lui \u00e9crire pour qu\u2019il trouve (vraiment) la femme qu\u2019il<br \/>\nlui faut.<\/p>\n","protected":false},"excerpt":{"rendered":"EN BREF La saison 20 de L\u00a0\u00bbamour est dans le pr\u00e9 se termine le 1er d\u00e9cembre prochain avec&hellip;\n","protected":false},"author":2,"featured_media":560066,"comment_status":"","ping_status":"","sticky":false,"template":"","format":"standard","meta":{"footnotes":""},"categories":[8],"tags":[548,58,59,1011,27,5413,9307],"class_list":{"0":"post-560065","1":"post","2":"type-post","3":"status-publish","4":"format-standard","5":"has-post-thumbnail","7":"category-divertissement","8":"tag-article-simple","9":"tag-divertissement","10":"tag-entertainment","11":"tag-fr","12":"tag-france","13":"tag-karine-le-marchand","14":"tag-lamour-est-dans-le-pre"},"share_on_mastodon":{"url":"https:\/\/pubeurope.com\/@fr\/115616310044218818","error":""},"_links":{"self":[{"href":"https:\/\/www.europesays.com\/fr\/wp-json\/wp\/v2\/posts\/560065","targetHints":{"allow":["GET"]}}],"collection":[{"href":"https:\/\/www.europesays.com\/fr\/wp-json\/wp\/v2\/posts"}],"about":[{"href":"https:\/\/www.europesays.com\/fr\/wp-json\/wp\/v2\/types\/post"}],"author":[{"embeddable":true,"href":"https:\/\/www.europesays.com\/fr\/wp-json\/wp\/v2\/users\/2"}],"replies":[{"embeddable":true,"href":"https:\/\/www.europesays.com\/fr\/wp-json\/wp\/v2\/comments?post=560065"}],"version-history":[{"count":0,"href":"https:\/\/www.europesays.com\/fr\/wp-json\/wp\/v2\/posts\/560065\/revisions"}],"wp:featuredmedia":[{"embeddable":true,"href":"https:\/\/www.europesays.com\/fr\/wp-json\/wp\/v2\/media\/560066"}],"wp:attachment":[{"href":"https:\/\/www.europesays.com\/fr\/wp-json\/wp\/v2\/media?parent=560065"}],"wp:term":[{"taxonomy":"category","embeddable":true,"href":"https:\/\/www.europesays.com\/fr\/wp-json\/wp\/v2\/categories?post=560065"},{"taxonomy":"post_tag","embeddable":true,"href":"https:\/\/www.europesays.com\/fr\/wp-json\/wp\/v2\/tags?post=560065"}],"curies":[{"name":"wp","href":"https:\/\/api.w.org\/{rel}","templated":true}]}}