{"id":560081,"date":"2025-11-26T13:54:13","date_gmt":"2025-11-26T13:54:13","guid":{"rendered":"https:\/\/www.europesays.com\/fr\/560081\/"},"modified":"2025-11-26T13:54:13","modified_gmt":"2025-11-26T13:54:13","slug":"au-salon-de-lemploi-candidats-en-recherche-de-travail-et-recruteurs-de-metiers-en-tension-se-rencontrent-en-face-a-face","status":"publish","type":"post","link":"https:\/\/www.europesays.com\/fr\/560081\/","title":{"rendered":"au Salon de l\u2019emploi, candidats en recherche de travail et recruteurs de m\u00e9tiers en tension se rencontrent en face-\u00e0-face"},"content":{"rendered":"<p>Ils \u00e9taient une cinquantaine, d\u00e8s 10\u00a0h, \u00e0 s\u2019engouffrer dans le Hall A du centre Jean-Prouv\u00e9 \u00e0 Nancy, ce mercredi 26\u00a0novembre. Demandeurs d\u2019emploi, candidats \u00e0 la formation, entrepreneurs\u00a0: tous venus participer au salon <a href=\"https:\/\/www.estrepublicain.fr\/economie\/2025\/11\/23\/eco-day-trois-temps-forts-pour-une-premiere\" target=\"_blank\" rel=\"noopener\">Eco Day, le grand rendez-vous \u00e9conomique du Grand Est<\/a> \u00a0organis\u00e9 par le groupe Ebra (dont L\u2019Est R\u00e9publicain fait partie), en partenariat avec la <a href=\"https:\/\/www.estrepublicain.fr\/economie\/2025\/10\/08\/cci-formation-un-campus-de-plus-de-4-000-metres-carres-inaugure\" target=\"_blank\" rel=\"noopener\">CCI Meurthe-et-Moselle.<\/a><\/p>\n<p>  Une trentaine de recruteurs<\/p>\n<p>Cette journ\u00e9e enti\u00e8re consacr\u00e9e \u00e0 l\u2019emploi et \u00e0 <a href=\"https:\/\/www.estrepublicain.fr\/economie\/2025\/11\/26\/ailes-de-cristal-2025-ebra-met-en-lumiere-l-audace-entrepreneuriale-lorraine\" target=\"_blank\" rel=\"noopener\">l\u2019entrepreneuriat<\/a> propose trois temps forts, dont le Salon de l\u2019emploi, jusqu\u2019\u00e0 18 heures, qui permet des rencontres directes entre candidats et recruteurs.<\/p>\n<p>C\u00f4t\u00e9 recruteurs, justement, une trentaine d\u2019entreprises et d\u2019organismes de formation repr\u00e9sentent plusieurs secteurs\u00a0: arm\u00e9e de terre, instituts de langues, banques, agences d\u2019int\u00e9rim, entre autres.<\/p>\n<p>Sans surprise, le stand de <a href=\"https:\/\/www.estrepublicain.fr\/social\/2025\/10\/31\/retour-a-l-emploi-france-travail-et-la-cravate-solidaire-unissent-leur-savoir-faire\" target=\"_blank\" rel=\"noopener\">France Travail<\/a> figure parmi les plus fr\u00e9quent\u00e9s. \u00ab\u00a0Pour nous, c\u2019est important d\u2019accueillir les visiteurs dans un cadre moins administratif, peut-\u00eatre moins anxiog\u00e8ne, et de rencontrer aussi des entreprises\u00a0\u00bb, explique R\u00e9gis Classen, charg\u00e9 de mission \u00e0 la direction territoriale de Meurthe-et-Moselle.<\/p>\n<p>  Des m\u00e9tiers en tension<\/p>\n<p>\u00c0 10\u00a0h\u00a045, Laura, recruteuse de l\u2019agence public, avait d\u00e9j\u00e0 vu six personnes. \u00ab\u00a0On encha\u00eene\u00a0\u00bb, sourit-elle. Il faut dire que l\u2019agence affichait un chiffre \u00e9loquent\u00a0: 1\u00a0200 emplois \u00e0 pourvoir \u00e0 Nancy et ses environs. \u00ab\u00a0En premi\u00e8re position, les m\u00e9tiers d\u2019aide \u00e0 la personne. En deuxi\u00e8me, l\u2019h\u00f4tellerie-restauration. En troisi\u00e8me, le BTP et le commerce\u00a0\u00bb, d\u00e9taille Laura.<\/p>\n<p>Dans les services, un stand attire d\u2019ailleurs les visiteurs\u00a0: Parcours F, centre de formation professionnelle aux m\u00e9tiers du fun\u00e9raire. \u00ab\u00a0Nous faisons partie des m\u00e9tiers en tension discrets. Nous avons besoin de main-d\u2019\u0153uvre mais nous fonctionnons par le bouche-\u00e0-oreille, sans publier d\u2019offres via France Travail. Car c\u2019est un m\u00e9tier humain\u00a0: les recruteurs ont besoin de voir le candidat\u00a0\u00bb, pr\u00e9cise \u00c9ric Percheminier, responsable du d\u00e9veloppement commercial. Avis aux int\u00e9ress\u00e9s.\ufeff<\/p>\n","protected":false},"excerpt":{"rendered":"Ils \u00e9taient une cinquantaine, d\u00e8s 10\u00a0h, \u00e0 s\u2019engouffrer dans le Hall A du centre Jean-Prouv\u00e9 \u00e0 Nancy, ce&hellip;\n","protected":false},"author":2,"featured_media":560082,"comment_status":"","ping_status":"","sticky":false,"template":"","format":"standard","meta":{"footnotes":""},"categories":[9635],"tags":[1111,11,4749,4406,130,33,1704,341,1777,674,3183,1011,27,775,693,5015,3457,1702,1703,12,2922,3456,25,801,104,216],"class_list":{"0":"post-560081","1":"post","2":"type-post","3":"status-publish","4":"format-standard","5":"has-post-thumbnail","7":"category-nancy","8":"tag-actu","9":"tag-actualites","10":"tag-btp-et-chantiers","11":"tag-commerce-et-services","12":"tag-consommation","13":"tag-economie","14":"tag-edition-nancy-et-agglomeration","15":"tag-emploi","16":"tag-eu","17":"tag-europe","18":"tag-finance-et-fiscalite","19":"tag-fr","20":"tag-france","21":"tag-grand-est","22":"tag-industrie","23":"tag-innovation-et-start-up","24":"tag-meurthe-et-moselle","25":"tag-nancy","26":"tag-nancy-ville-54b","27":"tag-news","28":"tag-pouvoir-dachat","29":"tag-region-lorraine","30":"tag-republique-francaise","31":"tag-social","32":"tag-societe","33":"tag-vie-des-entreprises"},"share_on_mastodon":{"url":"https:\/\/pubeurope.com\/@fr\/115616341343254937","error":""},"_links":{"self":[{"href":"https:\/\/www.europesays.com\/fr\/wp-json\/wp\/v2\/posts\/560081","targetHints":{"allow":["GET"]}}],"collection":[{"href":"https:\/\/www.europesays.com\/fr\/wp-json\/wp\/v2\/posts"}],"about":[{"href":"https:\/\/www.europesays.com\/fr\/wp-json\/wp\/v2\/types\/post"}],"author":[{"embeddable":true,"href":"https:\/\/www.europesays.com\/fr\/wp-json\/wp\/v2\/users\/2"}],"replies":[{"embeddable":true,"href":"https:\/\/www.europesays.com\/fr\/wp-json\/wp\/v2\/comments?post=560081"}],"version-history":[{"count":0,"href":"https:\/\/www.europesays.com\/fr\/wp-json\/wp\/v2\/posts\/560081\/revisions"}],"wp:featuredmedia":[{"embeddable":true,"href":"https:\/\/www.europesays.com\/fr\/wp-json\/wp\/v2\/media\/560082"}],"wp:attachment":[{"href":"https:\/\/www.europesays.com\/fr\/wp-json\/wp\/v2\/media?parent=560081"}],"wp:term":[{"taxonomy":"category","embeddable":true,"href":"https:\/\/www.europesays.com\/fr\/wp-json\/wp\/v2\/categories?post=560081"},{"taxonomy":"post_tag","embeddable":true,"href":"https:\/\/www.europesays.com\/fr\/wp-json\/wp\/v2\/tags?post=560081"}],"curies":[{"name":"wp","href":"https:\/\/api.w.org\/{rel}","templated":true}]}}