{"id":560092,"date":"2025-11-26T14:00:13","date_gmt":"2025-11-26T14:00:13","guid":{"rendered":"https:\/\/www.europesays.com\/fr\/560092\/"},"modified":"2025-11-26T14:00:13","modified_gmt":"2025-11-26T14:00:13","slug":"rouen-le-marche-de-noel-est-il-100-ecoresponsable","status":"publish","type":"post","link":"https:\/\/www.europesays.com\/fr\/560092\/","title":{"rendered":"Rouen. Le march\u00e9 de No\u00ebl est-il 100% \u00e9coresponsable ?"},"content":{"rendered":"<p melodystyle=\"texte\">Le march\u00e9 de No\u00ebl de Rouen est-il vraiment \u00e9coresponsable\u00a0? Depuis 14 ans, la soci\u00e9t\u00e9 2A Organisation est en charge de sa pr\u00e9paration et de son installation avec la Ville. Selon Thibault Delourme, directeur de cette entreprise bas\u00e9e en Loire-Atlantique, cette d\u00e9marche \u00e9coresponsable passe d&rsquo;abord par la s\u00e9lection des commer\u00e7ants\u00a0: \u00ab\u00a060% d&rsquo;entre eux sont locaux\u00a0\u00bb, assure-t-il. Cette ann\u00e9e, on retrouve Liz Faucheux, fondatrice de Liz Cr\u00e9ations. \u00ab\u00a0C&rsquo;est agr\u00e9able d&rsquo;\u00eatre Rouennaise au march\u00e9 de No\u00ebl parce qu&rsquo;on n&rsquo;est pas beaucoup, et il y a peu d&rsquo;artisans aussi\u00a0\u00bb, confie-t-elle. Julie Guy, cr\u00e9atrice de La M\u00e8re Guy, situ\u00e9e \u00e0 quelques m\u00e8tres dans un autre chalet, note de son c\u00f4t\u00e9 une \u00e9volution positive\u00a0: \u00ab\u00a0Par rapport \u00e0 l&rsquo;ann\u00e9e derni\u00e8re, il y a quand m\u00eame plus de cr\u00e9ateurs locaux, et je pense que c&rsquo;est un effort des organisateurs.\u00a0\u00bb<\/p>\n<p>Un march\u00e9 attentif au tri des d\u00e9chets\u00a0?<\/p>\n<p melodystyle=\"texte\" data-end=\"568\">Chaque ann\u00e9e, 2A Organisation rappelle l&rsquo;importance du tri, mais certains exposants regrettent un manque de pr\u00e9cisions\u00a0: \u00ab\u00a0Oui, on a \u00e9t\u00e9 sensibilis\u00e9s \u00e0 ce sujet mais nous n&rsquo;avons pas eu d&rsquo;autres explications\u00a0\u00bb, note Julie Guy, venue d&rsquo;Houppeville \u00e0 Rouen. L&rsquo;\u00e9coresponsabilit\u00e9 concernerait aussi les infrastructures\u00a0: \u00ab\u00a0Tous les chalets du march\u00e9 sont con\u00e7us en Loire-Atlantique et sont labellis\u00e9s Origine France Garantie\u00a0\u00bb, assure Thibault Delorme et comme ils ne sont pas ferm\u00e9s, aucun chauffage n&rsquo;a \u00e9t\u00e9 install\u00e9. Les commer\u00e7ants doivent donc se couvrir. Enfin, pour limiter les d\u00e9chets, les gobelets sont, depuis cinq ans, r\u00e9utilisables. Les visiteurs peuvent choisir de laisser leur consigne en faisant un don d&rsquo;un euro dans les collecteurs.<\/p>\n<p melodystyle=\"texte\" data-end=\"568\">Malgr\u00e9 la mise en place de poubelles de tri, de chalets made in France et d&rsquo;\u00e9cocups en consigne, des efforts restent encore \u00e0 faire pour tendre vers un march\u00e9 100% \u00e9coresponsable.<\/p>\n","protected":false},"excerpt":{"rendered":"Le march\u00e9 de No\u00ebl de Rouen est-il vraiment \u00e9coresponsable\u00a0? Depuis 14 ans, la soci\u00e9t\u00e9 2A Organisation est en&hellip;\n","protected":false},"author":2,"featured_media":560093,"comment_status":"","ping_status":"","sticky":false,"template":"","format":"standard","meta":{"footnotes":""},"categories":[9587],"tags":[1111,11,1777,674,1011,27,12,5161,25,9590],"class_list":{"0":"post-560092","1":"post","2":"type-post","3":"status-publish","4":"format-standard","5":"has-post-thumbnail","7":"category-rouen","8":"tag-actu","9":"tag-actualites","10":"tag-eu","11":"tag-europe","12":"tag-fr","13":"tag-france","14":"tag-news","15":"tag-normandie","16":"tag-republique-francaise","17":"tag-rouen"},"share_on_mastodon":{"url":"https:\/\/pubeurope.com\/@fr\/115616365067017028","error":""},"_links":{"self":[{"href":"https:\/\/www.europesays.com\/fr\/wp-json\/wp\/v2\/posts\/560092","targetHints":{"allow":["GET"]}}],"collection":[{"href":"https:\/\/www.europesays.com\/fr\/wp-json\/wp\/v2\/posts"}],"about":[{"href":"https:\/\/www.europesays.com\/fr\/wp-json\/wp\/v2\/types\/post"}],"author":[{"embeddable":true,"href":"https:\/\/www.europesays.com\/fr\/wp-json\/wp\/v2\/users\/2"}],"replies":[{"embeddable":true,"href":"https:\/\/www.europesays.com\/fr\/wp-json\/wp\/v2\/comments?post=560092"}],"version-history":[{"count":0,"href":"https:\/\/www.europesays.com\/fr\/wp-json\/wp\/v2\/posts\/560092\/revisions"}],"wp:featuredmedia":[{"embeddable":true,"href":"https:\/\/www.europesays.com\/fr\/wp-json\/wp\/v2\/media\/560093"}],"wp:attachment":[{"href":"https:\/\/www.europesays.com\/fr\/wp-json\/wp\/v2\/media?parent=560092"}],"wp:term":[{"taxonomy":"category","embeddable":true,"href":"https:\/\/www.europesays.com\/fr\/wp-json\/wp\/v2\/categories?post=560092"},{"taxonomy":"post_tag","embeddable":true,"href":"https:\/\/www.europesays.com\/fr\/wp-json\/wp\/v2\/tags?post=560092"}],"curies":[{"name":"wp","href":"https:\/\/api.w.org\/{rel}","templated":true}]}}