{"id":560094,"date":"2025-11-26T14:01:14","date_gmt":"2025-11-26T14:01:14","guid":{"rendered":"https:\/\/www.europesays.com\/fr\/560094\/"},"modified":"2025-11-26T14:01:14","modified_gmt":"2025-11-26T14:01:14","slug":"exportations-retour-a-la-normale-du-trafic-cerealier-sur-le-port-de-rouen","status":"publish","type":"post","link":"https:\/\/www.europesays.com\/fr\/560094\/","title":{"rendered":"Exportations : retour \u00e0 la normale du trafic c\u00e9r\u00e9alier sur le port de Rouen"},"content":{"rendered":"<p>En marge de la c\u00e9l\u00e9bration des 100 ans de la Bourse de commerce de Rouen, le jeudi 20 novembre 2025 dans la salle des Etats de l\u2019Archev\u00each\u00e9 de Rouen (construite en 1463), le pr\u00e9sident de l\u2019association qui g\u00e8re cette bourse, St\u00e9phane M\u00e9nard, a bien voulu commenter la dynamique de la campagne d\u2019exportations 2025-2026.<\/p>\n<p class=\"lireaussi\"><a href=\"https:\/\/www.reussir.fr\/ladepeche\/exportations-francaises-regain-dactivite-sur-fond-de-bilans-cerealiers-plutot-stables?utm_source=article&amp;utm_medium=body&amp;utm_campaign=b6c7de5f-cc6f-4c8f-9fd9-571ee268a6d3\" target=\"_blank\" rel=\"noopener\" data-entity-type=\"external\">Lire aussi : Exportations fran\u00e7aises : regain d\u2019activit\u00e9 sur fond de bilans c\u00e9r\u00e9aliers plut\u00f4t stables<\/a><\/p>\n<p>Une bonne dynamique \u00e0 l&rsquo;export sur le premier semestre 2025-2026<\/p>\n<p>\u00ab\u00a0Le march\u00e9 en ce moment, \u00e0 fin octobre, est plut\u00f4t bon et, depuis le d\u00e9but de campagne, on a export\u00e9 3 Mt (700 000 t d\u2019orge et 2,3 Mt de bl\u00e9 tendre). On a exp\u00e9di\u00e9 vers nos destinations coutumi\u00e8res, comme la Chine et le Maroc mais aussi vers des destinations nouvelles ou moins habituelles comme l\u2019Arabie saoudite ou encore la Libye. On a d\u00e9j\u00e0 engrang\u00e9 400 000 t d\u2019exports sur le mois de novembre et on va probablement arriver aux 4 Mt pour cette premi\u00e8re partie de campagne, \u00e0 fin d\u00e9cembre \u00bb, d\u00e9taille St\u00e9phane M\u00e9nard.\u00a0<\/p>\n<p>Des prix qui ne devraient pas progresser sur la deuxi\u00e8me partie de la campagne<\/p>\n<p>Et d&rsquo;ajouter : \u00ab On constate que l\u2019on revient aussi \u00e0 une ann\u00e9e normale en r\u00e9pondant aux standards et aux cahiers des charges de nos clients. Mais attention, il y a du stock partout dans le monde et on finira certainement la campagne avec des volumes de report assez cons\u00e9quents au niveau mondial. Je pense aussi que l\u2019on ne peut pas s\u2019attendre \u00e0 des prix qui deviendraient meilleurs pour la suite de la campagne, sauf pour des raisons g\u00e9opolitiques assez improbables. \u00bb<\/p>\n<p class=\"lireaussi\"><a href=\"https:\/\/www.reussir.fr\/ladepeche\/des-exportations-francaises-de-cereales-en-chute-libre-en-2024?utm_source=article&amp;utm_medium=body&amp;utm_campaign=b6c7de5f-cc6f-4c8f-9fd9-571ee268a6d3\" target=\"_blank\" rel=\"noopener\" data-entity-type=\"external\">Lire aussi : Des exportations fran\u00e7aises de c\u00e9r\u00e9ales en chute libre en 2024<\/a><\/p>\n<p>Sentiment partag\u00e9 et dynamique confirm\u00e9e par Haropa Port de Rouen, qui commente aussi ce d\u00e9but de campagne. Et leurs repr\u00e9sentants de pr\u00e9ciser que le \u00ab\u00a0mois d\u2019octobre 2025 a \u00e9t\u00e9 particuli\u00e8rement performant\u00a0\u00bb avec \u00ab\u00a0plus de 800 000 tonnes de c\u00e9r\u00e9ales export\u00e9es depuis Rouen\u00a0\u00bb.<\/p>\n<p>Des prix \u00e0 l&rsquo;exportation conformes au march\u00e9<\/p>\n<p>Sur la suite de la campagne, St\u00e9phane M\u00e9nard insiste sur les points forts de la place portuaire rouennaise\u00a0: \u00ab\u00a0une tr\u00e8s belle force de frappe sur les cadences et les potentiels de chargement\u00a0\u00bb et\u00a0\u00ab\u00a0la qualit\u00e9\u00a0des c\u00e9r\u00e9ales que nos op\u00e9rateurs sont en mesure d\u2019exporter\u00a0\u00bb, tout en d\u00e9taillant\u00a0: \u00ab\u00a0depuis deux ans, on est bien positionn\u00e9 avec 100 000 t par jour possible au maximum avec des installations am\u00e9lior\u00e9es pour nos chargeurs (NDLR\u00a0: Soufflet, BZ et Senalia)\u00a0\u00bb.<\/p>\n<p class=\"accroche\">Le port de Rouen pr\u00e9sente\u00a0une tr\u00e8s belle force de frappe sur les cadences et les potentiels de chargement.<\/p>\n<p>De fa\u00e7on plus globale, le patron de la bourse du commerce estime aussi que les prix fran\u00e7ais aujourd\u2019hui sont \u00ab\u00a0bien dans le march\u00e9\u00a0\u00bb et que \u00ab\u00a0la Chine et d\u2019autres pays continueront de diversifier leur sourcing sur plusieurs origines\u00a0\u00bb pour ne pas d\u00e9pendre d\u2019un seul fournisseur. Il conviendra aussi d\u2019observer, selon lui, comment \u00ab\u00a0la Chine reviendra vers l\u2019Australie comme un fournisseur d\u2019importance\u00a0\u00bb.<\/p>\n<p class=\"lireaussi\"><a href=\"https:\/\/www.reussir.fr\/ladepeche\/leurope-la-bouee-de-sauvetage-des-exportations-francaises-de-cereales?utm_source=article&amp;utm_medium=body&amp;utm_campaign=b6c7de5f-cc6f-4c8f-9fd9-571ee268a6d3\" target=\"_blank\" rel=\"noopener\" data-entity-type=\"external\">Lire aussi : L\u2019Europe, la bou\u00e9e de sauvetage des exportations fran\u00e7aises de c\u00e9r\u00e9ales<\/a><\/p>\n","protected":false},"excerpt":{"rendered":"En marge de la c\u00e9l\u00e9bration des 100 ans de la Bourse de commerce de Rouen, le jeudi 20&hellip;\n","protected":false},"author":2,"featured_media":560095,"comment_status":"","ping_status":"","sticky":false,"template":"","format":"standard","meta":{"footnotes":""},"categories":[9587],"tags":[1111,11,1777,674,1011,27,12,5161,25,9590],"class_list":{"0":"post-560094","1":"post","2":"type-post","3":"status-publish","4":"format-standard","5":"has-post-thumbnail","7":"category-rouen","8":"tag-actu","9":"tag-actualites","10":"tag-eu","11":"tag-europe","12":"tag-fr","13":"tag-france","14":"tag-news","15":"tag-normandie","16":"tag-republique-francaise","17":"tag-rouen"},"share_on_mastodon":{"url":"https:\/\/pubeurope.com\/@fr\/115616368870674402","error":""},"_links":{"self":[{"href":"https:\/\/www.europesays.com\/fr\/wp-json\/wp\/v2\/posts\/560094","targetHints":{"allow":["GET"]}}],"collection":[{"href":"https:\/\/www.europesays.com\/fr\/wp-json\/wp\/v2\/posts"}],"about":[{"href":"https:\/\/www.europesays.com\/fr\/wp-json\/wp\/v2\/types\/post"}],"author":[{"embeddable":true,"href":"https:\/\/www.europesays.com\/fr\/wp-json\/wp\/v2\/users\/2"}],"replies":[{"embeddable":true,"href":"https:\/\/www.europesays.com\/fr\/wp-json\/wp\/v2\/comments?post=560094"}],"version-history":[{"count":0,"href":"https:\/\/www.europesays.com\/fr\/wp-json\/wp\/v2\/posts\/560094\/revisions"}],"wp:featuredmedia":[{"embeddable":true,"href":"https:\/\/www.europesays.com\/fr\/wp-json\/wp\/v2\/media\/560095"}],"wp:attachment":[{"href":"https:\/\/www.europesays.com\/fr\/wp-json\/wp\/v2\/media?parent=560094"}],"wp:term":[{"taxonomy":"category","embeddable":true,"href":"https:\/\/www.europesays.com\/fr\/wp-json\/wp\/v2\/categories?post=560094"},{"taxonomy":"post_tag","embeddable":true,"href":"https:\/\/www.europesays.com\/fr\/wp-json\/wp\/v2\/tags?post=560094"}],"curies":[{"name":"wp","href":"https:\/\/api.w.org\/{rel}","templated":true}]}}