{"id":560096,"date":"2025-11-26T14:02:13","date_gmt":"2025-11-26T14:02:13","guid":{"rendered":"https:\/\/www.europesays.com\/fr\/560096\/"},"modified":"2025-11-26T14:02:13","modified_gmt":"2025-11-26T14:02:13","slug":"metropole-de-grenoble-et-si-on-encadrait-les-loyers-commerciaux-en-zone-urbaine-pour-lutter-contre-la-vacance-commerciale","status":"publish","type":"post","link":"https:\/\/www.europesays.com\/fr\/560096\/","title":{"rendered":"M\u00e9tropole de Grenoble. Et si on encadrait les loyers commerciaux en zone urbaine pour lutter contre la vacance commerciale ?"},"content":{"rendered":"<p>Dans l\u2019id\u00e9al, pour qu\u2019une affaire tourne bien, le ratio loyer\/chiffre d\u2019affaires pour un commerce devrait tourner autour de 6\u00a0%. Or, actuellement en France, il se situe en moyenne autour de 15\u00a0% du chiffre d\u2019affaires d\u2019un commer\u00e7ant, et c\u2019est m\u00eame pire en zone urbaine. Ce pourcentage est d\u2019autant plus \u00e9lev\u00e9 que 95\u00a0% des propri\u00e9taires font payer l\u2019int\u00e9gralit\u00e9 de la taxe fonci\u00e8re \u00e0 leur locataire. \u00ab\u00a0Une sorte de\u00a013e\u00a0 mois\u00a0\u00bb, explique Barbara Schuman, conseill\u00e8re m\u00e9tropolitaine d\u00e9l\u00e9gu\u00e9e au commerce et \u00e0&#8230;<\/p>\n","protected":false},"excerpt":{"rendered":"Dans l\u2019id\u00e9al, pour qu\u2019une affaire tourne bien, le ratio loyer\/chiffre d\u2019affaires pour un commerce devrait tourner autour de&hellip;\n","protected":false},"author":2,"featured_media":560097,"comment_status":"","ping_status":"","sticky":false,"template":"","format":"standard","meta":{"footnotes":""},"categories":[9566],"tags":[1111,11,2430,21751,21753,31403,34631,9600,4406,130,29532,12492,9852,33,112,1777,674,12390,9592,12127,1011,27,12505,2731,2732,21752,108,17480,12297,16047,3294,21293,9597,16046,38257,38258,29431,12,38259,38260,21900,29032,316,17223,25352,25,38261,275,30101,9448,9612,16045,38262,25353,16668,38263,16735,12277,13056,38264,24693,22780,16262,1986,35595],"class_list":{"0":"post-560096","1":"post","2":"type-post","3":"status-publish","4":"format-standard","5":"has-post-thumbnail","7":"category-grenoble","8":"tag-actu","9":"tag-actualites","10":"tag-auvergne-rhone-alpes","11":"tag-bresson","12":"tag-brie-et-angonnes","13":"tag-champ-sur-drac","14":"tag-champagnier","15":"tag-claix","16":"tag-commerce-et-services","17":"tag-consommation","18":"tag-corenc","19":"tag-domene","20":"tag-echirolles","21":"tag-economie","22":"tag-edition-grenoble-agglomeration","23":"tag-eu","24":"tag-europe","25":"tag-eybens","26":"tag-fontaine","27":"tag-fontanil-cornillon","28":"tag-fr","29":"tag-france","30":"tag-gieres","31":"tag-grenoble","32":"tag-grenoble-bassin","33":"tag-herbeys","34":"tag-isere","35":"tag-jarrie","36":"tag-la-tronche","37":"tag-le-gua","38":"tag-le-pont-de-claix","39":"tag-le-sappey-en-chartreuse","40":"tag-meylan","41":"tag-miribel-lanchatre","42":"tag-mont-saint-martin","43":"tag-montchaboud","44":"tag-murianette","45":"tag-news","46":"tag-notre-dame-de-commiers","47":"tag-notre-dame-de-mesage","48":"tag-noyarey","49":"tag-poisat","50":"tag-politique","51":"tag-proveysieux","52":"tag-quaix-en-chartreuse","53":"tag-republique-francaise","54":"tag-saint-barthelemy-de-sechilienne","55":"tag-saint-egreve","56":"tag-saint-georges-de-commiers","57":"tag-saint-martin-dheres","58":"tag-saint-martin-le-vinoux","59":"tag-saint-paul-de-varces","60":"tag-saint-pierre-de-mesage","61":"tag-sarcenas","62":"tag-sassenage","63":"tag-sechilienne","64":"tag-seyssinet-pariset","65":"tag-seyssins","66":"tag-varces-allieres-et-risset","67":"tag-vaulnaveys-le-bas","68":"tag-vaulnaveys-le-haut","69":"tag-venon","70":"tag-veurey-voroize","71":"tag-vif","72":"tag-vizille"},"share_on_mastodon":{"url":"","error":"Validation failed: Text character limit of 500 exceeded"},"_links":{"self":[{"href":"https:\/\/www.europesays.com\/fr\/wp-json\/wp\/v2\/posts\/560096","targetHints":{"allow":["GET"]}}],"collection":[{"href":"https:\/\/www.europesays.com\/fr\/wp-json\/wp\/v2\/posts"}],"about":[{"href":"https:\/\/www.europesays.com\/fr\/wp-json\/wp\/v2\/types\/post"}],"author":[{"embeddable":true,"href":"https:\/\/www.europesays.com\/fr\/wp-json\/wp\/v2\/users\/2"}],"replies":[{"embeddable":true,"href":"https:\/\/www.europesays.com\/fr\/wp-json\/wp\/v2\/comments?post=560096"}],"version-history":[{"count":0,"href":"https:\/\/www.europesays.com\/fr\/wp-json\/wp\/v2\/posts\/560096\/revisions"}],"wp:featuredmedia":[{"embeddable":true,"href":"https:\/\/www.europesays.com\/fr\/wp-json\/wp\/v2\/media\/560097"}],"wp:attachment":[{"href":"https:\/\/www.europesays.com\/fr\/wp-json\/wp\/v2\/media?parent=560096"}],"wp:term":[{"taxonomy":"category","embeddable":true,"href":"https:\/\/www.europesays.com\/fr\/wp-json\/wp\/v2\/categories?post=560096"},{"taxonomy":"post_tag","embeddable":true,"href":"https:\/\/www.europesays.com\/fr\/wp-json\/wp\/v2\/tags?post=560096"}],"curies":[{"name":"wp","href":"https:\/\/api.w.org\/{rel}","templated":true}]}}