{"id":560098,"date":"2025-11-26T14:03:13","date_gmt":"2025-11-26T14:03:13","guid":{"rendered":"https:\/\/www.europesays.com\/fr\/560098\/"},"modified":"2025-11-26T14:03:13","modified_gmt":"2025-11-26T14:03:13","slug":"les-organisations-syndicales-lancent-une-petition-pour-maintenir-la-gratuite-des-ecoles-dingenieurs-2","status":"publish","type":"post","link":"https:\/\/www.europesays.com\/fr\/560098\/","title":{"rendered":"les organisations syndicales lancent une p\u00e9tition pour maintenir la gratuit\u00e9 des \u00e9coles d&rsquo;ing\u00e9nieurs"},"content":{"rendered":"<p itemprop=\"description\"><strong>Les syndicats et \u00e9lus \u00e9tudiants de Grenoble INP &#8211; UGA s\u2019opposent \u00e0 une augmentation des frais d\u2019inscription envisag\u00e9e pour les \u00e9coles publiques d\u2019ing\u00e9nierie et de management.<\/strong><\/p>\n<p>Les organisations syndicales de Grenoble INP &#8211; UGA, soutenues par les repr\u00e9sentants \u00e9tudiants, alertent sur un projet interne visant \u00e0 relever fortement le co\u00fbt d\u2019acc\u00e8s aux \u00e9coles publiques du groupe. Cette proposition pr\u00e9voit un syst\u00e8me de tarification variable selon les revenus familiaux, pouvant atteindre environ 6000 euros pour les foyers les plus ais\u00e9s.<\/p>\n<p>La direction de l\u2019\u00e9tablissement estime que cette r\u00e9forme permettrait de d\u00e9gager plusieurs millions d\u2019euros suppl\u00e9mentaires. Le sujet devrait \u00eatre officiellement soumis au Conseil d\u2019administration en d\u00e9cembre 2025.<\/p>\n<p>Les syndicats et \u00e9lus rappellent que ces \u00e9coles s\u2019inscrivent dans la tradition du service public universitaire et que l\u2019acc\u00e8s \u00e0 l\u2019enseignement sup\u00e9rieur doit rester financi\u00e8rement accessible. Ils d\u00e9noncent une remise en cause de ce principe fondateur et redoutent que l\u2019\u00c9tat se d\u00e9sengage davantage en r\u00e9duisant sa contribution budg\u00e9taire.<\/p>\n<p>Face \u00e0 ce projet, syndicats et repr\u00e9sentants \u00e9tudiants appellent \u00e0 une mobilisation large du campus grenoblois et \u00e0 signer une p\u00e9tition, afin de pousser la pr\u00e9sidence \u00e0 renoncer \u00e0 cette orientation et ainsi \u00e0 d\u00e9fendre la gratuit\u00e9 des \u00e9tudes sup\u00e9rieures publiques.<\/p>\n","protected":false},"excerpt":{"rendered":"Les syndicats et \u00e9lus \u00e9tudiants de Grenoble INP &#8211; UGA s\u2019opposent \u00e0 une augmentation des frais d\u2019inscription envisag\u00e9e&hellip;\n","protected":false},"author":2,"featured_media":559978,"comment_status":"","ping_status":"","sticky":false,"template":"","format":"standard","meta":{"footnotes":""},"categories":[9566],"tags":[1111,11,2813,2430,1109,251,1112,2811,1777,674,118,1011,27,21780,2731,14004,1922,1110,1114,108,12,316,25,2812,517,800],"class_list":{"0":"post-560098","1":"post","2":"type-post","3":"status-publish","4":"format-standard","5":"has-post-thumbnail","7":"category-grenoble","8":"tag-actu","9":"tag-actualites","10":"tag-article","11":"tag-auvergne-rhone-alpes","12":"tag-breves","13":"tag-culture","14":"tag-depeches","15":"tag-economique","16":"tag-eu","17":"tag-europe","18":"tag-faits-divers","19":"tag-fr","20":"tag-france","21":"tag-gf38","22":"tag-grenoble","23":"tag-grenoblemag","24":"tag-info","25":"tag-informations","26":"tag-infos","27":"tag-isere","28":"tag-news","29":"tag-politique","30":"tag-republique-francaise","31":"tag-sociale","32":"tag-sport","33":"tag-transports"},"share_on_mastodon":{"url":"https:\/\/pubeurope.com\/@fr\/115616376901970865","error":""},"_links":{"self":[{"href":"https:\/\/www.europesays.com\/fr\/wp-json\/wp\/v2\/posts\/560098","targetHints":{"allow":["GET"]}}],"collection":[{"href":"https:\/\/www.europesays.com\/fr\/wp-json\/wp\/v2\/posts"}],"about":[{"href":"https:\/\/www.europesays.com\/fr\/wp-json\/wp\/v2\/types\/post"}],"author":[{"embeddable":true,"href":"https:\/\/www.europesays.com\/fr\/wp-json\/wp\/v2\/users\/2"}],"replies":[{"embeddable":true,"href":"https:\/\/www.europesays.com\/fr\/wp-json\/wp\/v2\/comments?post=560098"}],"version-history":[{"count":0,"href":"https:\/\/www.europesays.com\/fr\/wp-json\/wp\/v2\/posts\/560098\/revisions"}],"wp:featuredmedia":[{"embeddable":true,"href":"https:\/\/www.europesays.com\/fr\/wp-json\/wp\/v2\/media\/559978"}],"wp:attachment":[{"href":"https:\/\/www.europesays.com\/fr\/wp-json\/wp\/v2\/media?parent=560098"}],"wp:term":[{"taxonomy":"category","embeddable":true,"href":"https:\/\/www.europesays.com\/fr\/wp-json\/wp\/v2\/categories?post=560098"},{"taxonomy":"post_tag","embeddable":true,"href":"https:\/\/www.europesays.com\/fr\/wp-json\/wp\/v2\/tags?post=560098"}],"curies":[{"name":"wp","href":"https:\/\/api.w.org\/{rel}","templated":true}]}}