{"id":560100,"date":"2025-11-26T14:05:22","date_gmt":"2025-11-26T14:05:22","guid":{"rendered":"https:\/\/www.europesays.com\/fr\/560100\/"},"modified":"2025-11-26T14:05:22","modified_gmt":"2025-11-26T14:05:22","slug":"rennes-une-femme-meurt-dans-un-incendie-son-fils-hospitalise-en-urgence-absolue","status":"publish","type":"post","link":"https:\/\/www.europesays.com\/fr\/560100\/","title":{"rendered":"Rennes : une femme meurt dans un incendie, son fils hospitalis\u00e9 en urgence absolue"},"content":{"rendered":"<ul class=\"jsx-862013697 ArticleChapo__List\">\n<li class=\"jsx-862013697 ArticleChapo__List_Item flex\">Une femme \u00e2g\u00e9e de 81 ans est morte mardi soir dans un incendie \u00e0 Rennes (Ille-et-Vilaine).<\/li>\n<li class=\"jsx-862013697 ArticleChapo__List_Item flex\">Son fils \u00e2g\u00e9 de 54 ans, gri\u00e8vement bless\u00e9, a \u00e9t\u00e9 admis \u00e0 l&rsquo;h\u00f4pital en urgence absolue.<\/li>\n<li class=\"jsx-862013697 ArticleChapo__List_Item flex\">Une enqu\u00eate a \u00e9t\u00e9 ouverte pour d\u00e9terminer les circonstances du drame.<\/li>\n<\/ul>\n<p data-module=\"article-paragraph\" class=\"jsx-3046738180 Paragraph\">L&rsquo;appel a \u00e9t\u00e9 pass\u00e9 au 18 vers 23h55 pour signaler un important incendie dans un logement au quatri\u00e8me \u00e9tage d&rsquo;un immeuble situ\u00e9 34, rue Ferdinand de Lesseps, dans le quartier de Cleunay \u00e0 Rennes (Ille-et-Vilaine).\u00a0<\/p>\n<p data-module=\"article-paragraph\" class=\"jsx-3046738180 Paragraph Paragraph__End\">\u00c0 leur arriv\u00e9e dans cet appartement en duplex, les soldats du feu ont d\u00e9couvert le corps sans vie d&rsquo;une femme \u00e2g\u00e9e de 81 ans. Son fils, un homme \u00e2g\u00e9 de 54 ans, \u00e9tait lui gravement br\u00fbl\u00e9. Il a \u00e9t\u00e9 \u00e9vacu\u00e9 en urgence absolue vers le centre hospitalier de Pontchaillou \u00e0 Rennes, a appris TF1info ce mercredi du Service d\u00e9partemental d&rsquo;incendie et de secours d&rsquo;Ille-et-Vilaine.\u00a0<\/p>\n<p><a href=\"https:\/\/www.tf1info.fr\/justice-faits-divers\/video-tf1-tout-le-monde-l-aimait-bien-emotion-a-montpellier-apres-un-incendie-mortel-la-piste-criminelle-privilegiee-2408129.html\" rel=\"noopener\" class=\"jsx-3308031228 Link flex\" target=\"_blank\"><img decoding=\"async\" src=\"https:\/\/www.europesays.com\/fr\/wp-content\/uploads\/2025\/11\/epicerie-incendie-montpellier-novembre-2025-9dc3a4-0@1x.jpeg\" alt=\"TF1\" loading=\"lazy\" importance=\"low\" fetchpriority=\"low\" class=\"\" aria-hidden=\"true\"\/><\/p>\n<p class=\"jsx-3657663356 ReadMoreArticle__Title\">Lire aussi<\/p>\n<p class=\"jsx-3657663356\">\u00ab\u00a0Tout le monde l&rsquo;aimait bien\u00a0\u00bb : \u00e9motion \u00e0 Montpellier apr\u00e8s un incendie mortel, la piste criminelle privil\u00e9gi\u00e9e<\/p>\n<p><\/a>Une enqu\u00eate a \u00e9t\u00e9 ouverte par le parquet de Rennes<\/p>\n<p data-module=\"article-paragraph\" class=\"jsx-3046738180 Paragraph\">Au total, 31 sapeurs-pompiers ont \u00e9t\u00e9 engag\u00e9s sur cette intervention, aid\u00e9s par une grande \u00e9chelle et deux lances incendie. Vers 2h du matin, le feu \u00e9tait ma\u00eetris\u00e9. Les autres habitants de l&rsquo;immeuble, \u00e9vacu\u00e9s le temps de l&rsquo;intervention, ont pu r\u00e9int\u00e9grer leurs appartements au cours de la nuit.<\/p>\n<p data-module=\"article-paragraph\" class=\"jsx-3046738180 Paragraph Paragraph__End\">Une enqu\u00eate a \u00e9t\u00e9 ouverte par le parquet de Rennes pour d\u00e9terminer les causes du sinistre. Sollicit\u00e9 ce mercredi matin, le parquet n&rsquo;avait pas, \u00e0 13h, r\u00e9pondu \u00e0 notre demande d&rsquo;informations sur cette affaire.<\/p>\n<p>Aur\u00e9lie SARROT<\/p>\n","protected":false},"excerpt":{"rendered":"Une femme \u00e2g\u00e9e de 81 ans est morte mardi soir dans un incendie \u00e0 Rennes (Ille-et-Vilaine). Son fils&hellip;\n","protected":false},"author":2,"featured_media":560101,"comment_status":"","ping_status":"","sticky":false,"template":"","format":"standard","meta":{"footnotes":""},"categories":[2821],"tags":[1111,11,1921,829,1777,674,6017,5582,1011,27,1310,1922,303,2954,12,1072,584,25,133,2953],"class_list":{"0":"post-560100","1":"post","2":"type-post","3":"status-publish","4":"format-standard","5":"has-post-thumbnail","7":"category-rennes","8":"tag-actu","9":"tag-actualites","10":"tag-article-video","11":"tag-bretagne","12":"tag-eu","13":"tag-europe","14":"tag-fait-divers","15":"tag-forces-de-lordre-armee-pompiers","16":"tag-fr","17":"tag-france","18":"tag-incendie","19":"tag-info","20":"tag-justice","21":"tag-justice-et-faits-divers","22":"tag-news","23":"tag-police","24":"tag-rennes","25":"tag-republique-francaise","26":"tag-video","27":"tag-video-police"},"share_on_mastodon":{"url":"https:\/\/pubeurope.com\/@fr\/115616384753943334","error":""},"_links":{"self":[{"href":"https:\/\/www.europesays.com\/fr\/wp-json\/wp\/v2\/posts\/560100","targetHints":{"allow":["GET"]}}],"collection":[{"href":"https:\/\/www.europesays.com\/fr\/wp-json\/wp\/v2\/posts"}],"about":[{"href":"https:\/\/www.europesays.com\/fr\/wp-json\/wp\/v2\/types\/post"}],"author":[{"embeddable":true,"href":"https:\/\/www.europesays.com\/fr\/wp-json\/wp\/v2\/users\/2"}],"replies":[{"embeddable":true,"href":"https:\/\/www.europesays.com\/fr\/wp-json\/wp\/v2\/comments?post=560100"}],"version-history":[{"count":0,"href":"https:\/\/www.europesays.com\/fr\/wp-json\/wp\/v2\/posts\/560100\/revisions"}],"wp:featuredmedia":[{"embeddable":true,"href":"https:\/\/www.europesays.com\/fr\/wp-json\/wp\/v2\/media\/560101"}],"wp:attachment":[{"href":"https:\/\/www.europesays.com\/fr\/wp-json\/wp\/v2\/media?parent=560100"}],"wp:term":[{"taxonomy":"category","embeddable":true,"href":"https:\/\/www.europesays.com\/fr\/wp-json\/wp\/v2\/categories?post=560100"},{"taxonomy":"post_tag","embeddable":true,"href":"https:\/\/www.europesays.com\/fr\/wp-json\/wp\/v2\/tags?post=560100"}],"curies":[{"name":"wp","href":"https:\/\/api.w.org\/{rel}","templated":true}]}}