{"id":560102,"date":"2025-11-26T14:06:14","date_gmt":"2025-11-26T14:06:14","guid":{"rendered":"https:\/\/www.europesays.com\/fr\/560102\/"},"modified":"2025-11-26T14:06:14","modified_gmt":"2025-11-26T14:06:14","slug":"journaliste-dun-jour-petits-freres-des-pauvres-de-strasbourg-quand-la-solidarite-brise-la-solitude","status":"publish","type":"post","link":"https:\/\/www.europesays.com\/fr\/560102\/","title":{"rendered":"Journaliste d&rsquo;un jour. Petits fr\u00e8res des pauvres de Strasbourg\u00a0:quand la solidarit\u00e9 brise la solitude"},"content":{"rendered":"<p>A Strasbourg, beaucoup de seniors vivent seuls et peinent \u00e0 maintenir des liens avec leur entourage. Cette exclusion peut entra\u00eener une perte de confiance, encore plus d\u2019isolement et parfois aggraver des probl\u00e8mes de sant\u00e9. C\u2019est \u00e0 ce moment-l\u00e0 qu\u2019interviennent les assistantes sociales qui font le lien avec l\u2019association les Petits fr\u00e8res des pauvres, cr\u00e9\u00e9e en 1984. Par des visites, des actions de soutien et une pr\u00e9sence r\u00e9guli\u00e8re, une dizaine de b\u00e9n\u00e9voles les aident au quotidien.<\/p>\n<p><strong>Inclure les ain\u00e9s, un enjeu social essentiel <\/strong><\/p>\n<p>La solitude des personnes \u00e2g\u00e9es est devenue un enjeu social majeur que les Petits fr\u00e8res des pauvres tentent de combattre chaque jour. Chaque ann\u00e9e au niveau national, les antennes de l\u2019association d\u00e9noncent une forme de \u00ab\u00a0mort sociale\u00a0\u00bb qui touche plus de 750 000 personnes.<\/p>\n<p>A Strasbourg, l\u2019association est ouverte \u00e0 tous, m\u00eame \u00e0 ceux qui ne parlent pas tr\u00e8s bien fran\u00e7ais. Par exemple, une femme arm\u00e9nienne qui en fait partie pendant plusieurs ann\u00e9es a tr\u00e8s bien r\u00e9ussi \u00e0 s\u2019adapter \u00e0 sa nouvelle vie. Favoriser l\u2019int\u00e9gration, c\u2019est agir pour le bien-\u00eatre de toute la soci\u00e9t\u00e9.<\/p>\n<p><strong>Des activit\u00e9s pour redonner le sourire \u00a0<\/strong><\/p>\n<p>Peinture, tricot, dessin\u2026 L\u2019objectif de l\u2019association est de suivre les envies artistiques des a\u00een\u00e9s. Les fonds collect\u00e9s lors de divers \u00e9v\u00e9nements permettent de proposer des sorties, des voyages, des repas au restaurant\u2026 Cette ann\u00e9e par exemple, des personnes \u00e2g\u00e9es ont \u00e9t\u00e9 invit\u00e9es \u00e0 passer un week-end au Donon. \u00ab\u00a0Gr\u00e2ce \u00e0 l\u2019association je me sens moins seule, je me suis cr\u00e9\u00e9 de nouvelles amiti\u00e9s et des souvenirs, dit l\u2019une d\u2019elles. Ce qui a am\u00e9lior\u00e9 mon quotidien\u00a0\u00bb.<\/p>\n<p>Pour ceux qui souhaitent soutenir ses actions, il est possible de retrouver les b\u00e9n\u00e9voles et les b\u00e9n\u00e9ficiaires de l\u2019association sur le march\u00e9 de No\u00ebl de Strasbourg 2025 o\u00f9 ils tiennent un stand pour r\u00e9colter des fonds. Une belle occasion d\u2019\u00e9changer et de rappeler que, parfois, un simple geste de solidarit\u00e9 peut tout changer.<\/p>\n<p>\u00a0<\/p>\n","protected":false},"excerpt":{"rendered":"A Strasbourg, beaucoup de seniors vivent seuls et peinent \u00e0 maintenir des liens avec leur entourage. Cette exclusion&hellip;\n","protected":false},"author":2,"featured_media":560103,"comment_status":"","ping_status":"","sticky":false,"template":"","format":"standard","meta":{"footnotes":""},"categories":[2820],"tags":[1111,11,2649,1777,674,1011,27,775,67333,12,25,3141,640],"class_list":{"0":"post-560102","1":"post","2":"type-post","3":"status-publish","4":"format-standard","5":"has-post-thumbnail","7":"category-strasbourg","8":"tag-actu","9":"tag-actualites","10":"tag-bas-rhin","11":"tag-eu","12":"tag-europe","13":"tag-fr","14":"tag-france","15":"tag-grand-est","16":"tag-journaliste-dun-jour","17":"tag-news","18":"tag-republique-francaise","19":"tag-selestat","20":"tag-strasbourg"},"share_on_mastodon":{"url":"https:\/\/pubeurope.com\/@fr\/115616388665703176","error":""},"_links":{"self":[{"href":"https:\/\/www.europesays.com\/fr\/wp-json\/wp\/v2\/posts\/560102","targetHints":{"allow":["GET"]}}],"collection":[{"href":"https:\/\/www.europesays.com\/fr\/wp-json\/wp\/v2\/posts"}],"about":[{"href":"https:\/\/www.europesays.com\/fr\/wp-json\/wp\/v2\/types\/post"}],"author":[{"embeddable":true,"href":"https:\/\/www.europesays.com\/fr\/wp-json\/wp\/v2\/users\/2"}],"replies":[{"embeddable":true,"href":"https:\/\/www.europesays.com\/fr\/wp-json\/wp\/v2\/comments?post=560102"}],"version-history":[{"count":0,"href":"https:\/\/www.europesays.com\/fr\/wp-json\/wp\/v2\/posts\/560102\/revisions"}],"wp:featuredmedia":[{"embeddable":true,"href":"https:\/\/www.europesays.com\/fr\/wp-json\/wp\/v2\/media\/560103"}],"wp:attachment":[{"href":"https:\/\/www.europesays.com\/fr\/wp-json\/wp\/v2\/media?parent=560102"}],"wp:term":[{"taxonomy":"category","embeddable":true,"href":"https:\/\/www.europesays.com\/fr\/wp-json\/wp\/v2\/categories?post=560102"},{"taxonomy":"post_tag","embeddable":true,"href":"https:\/\/www.europesays.com\/fr\/wp-json\/wp\/v2\/tags?post=560102"}],"curies":[{"name":"wp","href":"https:\/\/api.w.org\/{rel}","templated":true}]}}