{"id":56011,"date":"2025-04-27T04:41:16","date_gmt":"2025-04-27T04:41:16","guid":{"rendered":"https:\/\/www.europesays.com\/fr\/56011\/"},"modified":"2025-04-27T04:41:16","modified_gmt":"2025-04-27T04:41:16","slug":"des-orages-sont-ils-reellement-attendus-en-france-pour-ces-prochains-jours-quelles-regions-seront-les-plus-a-risque","status":"publish","type":"post","link":"https:\/\/www.europesays.com\/fr\/56011\/","title":{"rendered":"Des orages sont-ils r\u00e9ellement attendus en France pour ces prochains jours ? Quelles r\u00e9gions seront les plus \u00e0 risque ?"},"content":{"rendered":"<p>   <img decoding=\"async\" fetchpriority=\"high\" src=\"https:\/\/www.europesays.com\/fr\/wp-content\/uploads\/2025\/04\/anthony-kaczmarek.jpg\" alt=\"Anthony Kaczmarek\" width=\"40\" height=\"40\"\/>    <a class=\"nombre text-hv\" href=\"https:\/\/www.tameteo.com\/auteur\/anthony-kaczmarek\/\" title=\"Anthony Kaczmarek\" rel=\"nofollow noopener\" target=\"_blank\">Anthony Kaczmarek<\/a>         27\/04\/2025 06:07   4 min   <img decoding=\"async\" fetchpriority=\"high\" src=\"https:\/\/www.europesays.com\/fr\/wp-content\/uploads\/2025\/04\/dailymotion-x9ik3fs_1024.jpg\"  width=\"768\" height=\"432\" id=\"x9ik3fs\"\/><\/p>\n<p>Ce dimanche marque le <strong>premier jour d&rsquo;une nette am\u00e9lioration<\/strong> des conditions m\u00e9t\u00e9o sur la France, avec le retour des hautes pressions par le Nord. Toutefois, cette am\u00e9lioration sera progressive, et <strong>une partie du pays restera soumise au moins jusqu&rsquo;\u00e0 mercredi \u00e0 un risque d&rsquo;orages<\/strong>. Quelles <strong>r\u00e9gions<\/strong> seront les <strong>plus concern\u00e9es<\/strong> ?<\/p>\n<p>De l&rsquo;instabilit\u00e9 surtout en montagne<\/p>\n<p>Aujourd&rsquo;hui, <strong>dimanche<\/strong> 27 avril, <strong>la moiti\u00e9 Sud se r\u00e9veille avec un ciel assez gris et des averses<\/strong>, entre le Sud de l&rsquo;Aquitaine, l&rsquo;<a href=\"https:\/\/www.tameteo.com\/meteo-Europe-France-Languedoc+Roussillon-1-1-135-38.html\" target=\"_blank\" data-mrf-recirculation=\"cuerpo_intext\" rel=\"nofollow noopener\">Occitanie<\/a>, le pourtour m\u00e9diterran\u00e9en, la Corse, l&rsquo;<a href=\"https:\/\/www.tameteo.com\/meteo-Europe-France-Rhone+Alpes-1-1-135-37.html\" target=\"_blank\" data-mrf-recirculation=\"cuerpo_intext\" rel=\"nofollow noopener\">Auvergne-Rh\u00f4ne-Alpes<\/a>, le Val de Sa\u00f4ne et la Franche-Comt\u00e9.<\/p>\n<p>Le risque d&rsquo;orages devrait se poursuivre jusqu&rsquo;\u00e0 mercredi, essentiellement sur les reliefs de la moiti\u00e9 Sud de la France. Ils ne d\u00e9borderont que tr\u00e8s rarement en plaine, sans doute uniquement ce lundi apr\u00e8s-midi. <\/p>\n<p>Dans cette zone, <strong>cet apr\u00e8s-midi<\/strong>, des \u00e9claircies r\u00e9appara\u00eetront, mais les <strong>averses<\/strong> gagneront en vigueur et prendront un <strong>caract\u00e8re orageux<\/strong>, <strong>essentiellement sur les reliefs, vers le Massif Central, la montagne Corse, les Alpes et le <\/strong><a href=\"https:\/\/www.tameteo.com\/meteo-Europe-France-Franche+Comte-Jura-1-1-135-40-5835.html\" target=\"_blank\" data-mrf-recirculation=\"cuerpo_intext\" rel=\"nofollow noopener\"><strong>Jura<\/strong><\/a>, mais aussi temporairement vers le Languedoc et la Provence. Ces orages seront peu intenses et d\u00e9verseront tout au plus une <strong>grosse dizaine de millim\u00e8tres de pluie<\/strong>.<\/p>\n<p><img decoding=\"async\" fetchpriority=\"high\" src=\"https:\/\/www.europesays.com\/fr\/wp-content\/uploads\/2025\/04\/des-orages-sont-ils-reellement-attendus-en-france-pour-ces-prochains-jours-quelles-regions-seront-le.png\"  width=\"768\" height=\"432\" alt=\"Risque d'orages lundi apr\u00e8s-midi\" title=\"Risque d'orages lundi apr\u00e8s-midi\" data-image=\"dgeo4st02qwe\"\/>Lundi apr\u00e8s-midi, le risque d&rsquo;orages se cantonnera surtout aux reliefs du Sud, pouvant localement d\u00e9border en plaine.<\/p>\n<p>En revanche, <strong>demain, lundi, ces orages prendront un peu plus de vigueur<\/strong>. Ils pourraient se d\u00e9clencher d\u00e8s la mi-journ\u00e9e vers les Pyr\u00e9n\u00e9es, le Massif Central, le Jura, les Alpes et la <a href=\"https:\/\/www.tameteo.com\/meteo-Europe-France-Corse-1-1-135-27.html\" target=\"_blank\" data-mrf-recirculation=\"cuerpo_intext\" rel=\"nofollow noopener\">Corse<\/a>, <strong>essentiellement en montagne<\/strong>, pouvant d\u00e9border en plaine, par exemple vers le Limousin, le Languedoc, la Provence et l&rsquo;Auvergne. <strong>Localement, de la gr\u00eale semble possible<\/strong>, avec une activit\u00e9 pluvieuse soutenue.<\/p>\n<p><a class=\"imagen \" href=\"https:\/\/www.tameteo.com\/actualites\/previsions\/des-gelees-tardives-sont-elles-encore-possibles-apres-la-douceur-annoncee-decouvrez-les-previsions-meteo-en-france-intemperie-froid.html\" title=\"Des gel\u00e9es tardives sont elles encore possibles apr\u00e8s la douceur annonc\u00e9e ? D\u00e9couvrez les pr\u00e9visions m\u00e9t\u00e9o en France\" rel=\"nofollow noopener\" target=\"_blank\"><img decoding=\"async\" fetchpriority=\"high\" class=\" img-body non-editable \" src=\"https:\/\/www.europesays.com\/fr\/wp-content\/uploads\/2025\/04\/des-gelees-tardives-sont-elles-encore-possibles-apres-la-douceur-annoncee-decouvrez-les-previsions-m.png\"  width=\"320\" height=\"225\" alt=\"Des gel\u00e9es tardives sont elles encore possibles apr\u00e8s la douceur annonc\u00e9e ? D\u00e9couvrez les pr\u00e9visions m\u00e9t\u00e9o en France\"\/><\/a><\/p>\n<p><strong>Mardi, ce risque d&rsquo;orages persistera sur les m\u00eames reliefs<\/strong> : ils seront toutefois moins \u00e9tendus, mais le <strong>risque de gr\u00eale<\/strong> sera toujours pr\u00e9sent sous les cellules les plus intenses. En fin d&rsquo;apr\u00e8s-midi, quelques orages tr\u00e8s isol\u00e9s pourraient aussi se d\u00e9velopper vers le Centre et la Bourgogne-Franche-Comt\u00e9.<\/p>\n<p>De nouveaux orages pour le week-end ?<\/p>\n<p><strong>Mercredi<\/strong>, dernier jour du mois d&rsquo;avril, ces orages risquent toujours d&rsquo;\u00e9clater en montagne, mais cette fois <strong>plut\u00f4t sur la fa\u00e7ade Est<\/strong>, entre les Vosges, le Jura et les Alpes. Il s&rsquo;agit encore pour cette journ\u00e9e d&rsquo;une <strong>\u00e9volution diurne<\/strong> : le rayonnement solaire r\u00e9chauffe la terre, ce qui conduit \u00e0 une ascendance de l&rsquo;air, qui se refroidit avec l&rsquo;altitude et se condense en cumulus (nuages) avec la pr\u00e9sence d&rsquo;humidit\u00e9.<\/p>\n<p><img decoding=\"async\" fetchpriority=\"high\" src=\"https:\/\/www.europesays.com\/fr\/wp-content\/uploads\/2025\/04\/1745728875_936_des-orages-sont-ils-reellement-attendus-en-france-pour-ces-prochains-jours-quelles-regions-seront-le.png\"  width=\"768\" height=\"432\" alt=\"Mercredi\" title=\"Mercredi\" data-image=\"jkhzp0utk99m\"\/>Mercredi, le risque d&rsquo;orages aura pratiquement disparu, sauf sur les reliefs de l&rsquo;Est.<\/p>\n<p>L&rsquo;influence anticyclonique devrait devenir plus significative d\u00e8s mercredi, ce qui <strong>limitera sensiblement le risque d&rsquo;orages pour jeudi et vendredi<\/strong>, qui devraient \u00eatre des journ\u00e9es totalement s\u00e8ches, hormis un petit risque d&rsquo;ond\u00e9es jeudi vers les Alpes et vendredi vers les Pyr\u00e9n\u00e9es et le <a href=\"https:\/\/www.tameteo.com\/meteo-Europe-France-Alsace-1-1-135-20.html\" target=\"_blank\" data-mrf-recirculation=\"cuerpo_intext\" rel=\"nofollow noopener\">Grand-Est<\/a>.<\/p>\n<p><a class=\"imagen \" href=\"https:\/\/www.tameteo.com\/actualites\/science\/et-si-la-pluie-pouvait-bientot-devenir-une-source-d-energie-renouvelable.html\" title=\"Et si la pluie pouvait bient\u00f4t devenir une source d&#039;\u00e9nergie renouvelable ? \" rel=\"nofollow noopener\" target=\"_blank\"><img decoding=\"async\" fetchpriority=\"high\" class=\" img-body non-editable \" src=\"https:\/\/www.europesays.com\/fr\/wp-content\/uploads\/2025\/04\/et-si-la-pluie-pouvait-bientot-devenir-une-source-d-energie-renouvelable-1745503246388_320.jpeg\"  width=\"320\" height=\"225\" alt=\"Et si la pluie pouvait bient\u00f4t devenir une source d'\u00e9nergie renouvelable ? \"\/><\/a><\/p>\n<p>Dans les autres r\u00e9gions non cit\u00e9es dans ces pr\u00e9visions, sachez que c&rsquo;est le soleil qui s&rsquo;imposera une grande partie de la semaine, avec des temp\u00e9ratures devenant estivales d\u00e8s mercredi, d\u00e9passant souvent les 25\u00b0C. <strong>Une nouvelle tendance orageuse pourrait se dessiner par l&rsquo;Ouest \u00e0 partir de samedi ou dimanche<\/strong>, mais elle sera li\u00e9e \u00e0 l&rsquo;\u00e9volution encore incertaine d&rsquo;une d\u00e9pression pr\u00e8s du Portugal.<\/p>\n","protected":false},"excerpt":{"rendered":"Anthony Kaczmarek 27\/04\/2025 06:07 4 min Ce dimanche marque le premier jour d&rsquo;une nette am\u00e9lioration des conditions m\u00e9t\u00e9o&hellip;\n","protected":false},"author":2,"featured_media":56012,"comment_status":"","ping_status":"","sticky":false,"template":"","format":"standard","meta":{"footnotes":""},"categories":[4],"tags":[10916,11,15121,15119,6664,15120,1011,27,15117,15115,5324,12,4594,5604,15122,7917,15116,1306,15118,25,4510,5572],"class_list":{"0":"post-56011","1":"post","2":"type-post","3":"status-publish","4":"format-standard","5":"has-post-thumbnail","7":"category-france","8":"tag-1er-mai","9":"tag-actualites","10":"tag-anticyclone","11":"tag-averses","12":"tag-dimanche","13":"tag-evolution-diurne","14":"tag-fr","15":"tag-france","16":"tag-instabilite","17":"tag-meteo-en-france","18":"tag-montagne","19":"tag-news","20":"tag-orages","21":"tag-pont","22":"tag-precipitations","23":"tag-previsions","24":"tag-prochains-jours","25":"tag-regions","26":"tag-reliefs","27":"tag-republique-francaise","28":"tag-risque","29":"tag-semaine"},"share_on_mastodon":{"url":"https:\/\/pubeurope.com\/@fr\/114408094803628159","error":""},"_links":{"self":[{"href":"https:\/\/www.europesays.com\/fr\/wp-json\/wp\/v2\/posts\/56011","targetHints":{"allow":["GET"]}}],"collection":[{"href":"https:\/\/www.europesays.com\/fr\/wp-json\/wp\/v2\/posts"}],"about":[{"href":"https:\/\/www.europesays.com\/fr\/wp-json\/wp\/v2\/types\/post"}],"author":[{"embeddable":true,"href":"https:\/\/www.europesays.com\/fr\/wp-json\/wp\/v2\/users\/2"}],"replies":[{"embeddable":true,"href":"https:\/\/www.europesays.com\/fr\/wp-json\/wp\/v2\/comments?post=56011"}],"version-history":[{"count":0,"href":"https:\/\/www.europesays.com\/fr\/wp-json\/wp\/v2\/posts\/56011\/revisions"}],"wp:featuredmedia":[{"embeddable":true,"href":"https:\/\/www.europesays.com\/fr\/wp-json\/wp\/v2\/media\/56012"}],"wp:attachment":[{"href":"https:\/\/www.europesays.com\/fr\/wp-json\/wp\/v2\/media?parent=56011"}],"wp:term":[{"taxonomy":"category","embeddable":true,"href":"https:\/\/www.europesays.com\/fr\/wp-json\/wp\/v2\/categories?post=56011"},{"taxonomy":"post_tag","embeddable":true,"href":"https:\/\/www.europesays.com\/fr\/wp-json\/wp\/v2\/tags?post=56011"}],"curies":[{"name":"wp","href":"https:\/\/api.w.org\/{rel}","templated":true}]}}