{"id":560110,"date":"2025-11-26T14:13:18","date_gmt":"2025-11-26T14:13:18","guid":{"rendered":"https:\/\/www.europesays.com\/fr\/560110\/"},"modified":"2025-11-26T14:13:18","modified_gmt":"2025-11-26T14:13:18","slug":"show-me-my-drag-sorties-a-nantes","status":"publish","type":"post","link":"https:\/\/www.europesays.com\/fr\/560110\/","title":{"rendered":"Show me my drag &#8211; Sorties \u00e0 Nantes"},"content":{"rendered":"<p>            <img width=\"2048\" height=\"1152\" src=\"https:\/\/www.europesays.com\/fr\/wp-content\/uploads\/2025\/11\/FB_IMG_1764162471522.jpg\" class=\"attachment-full size-full wp-post-image\" alt=\"\" decoding=\"async\" loading=\"lazy\"  \/>            <\/p>\n<p>\ud83c\udf89 \ud835\udde6\ud835\udddb\ud835\udde2\ud835\uddea \ud835\udde0\ud835\uddd8 \ud835\udde0\ud835\uddec \ud835\uddd7\ud835\udde5\ud835\uddd4\ud835\uddda \ud83c\udf89<\/p>\n<p>\ud83d\udcc6 Samedi 29 novembre<br \/>\ud83d\udccd Little Atlantique Brewery<br \/>\ud83d\udd57 20h30 \u2013 2h<\/p>\n<p>\ud83d\udc8b \ud835\udde6\ud835\udddb\ud835\udde2\ud835\uddea \ud835\uddd7\ud835\udde5\ud835\uddd4\ud835\uddda &amp; \ud835\udde4\ud835\udde8\ud835\uddd8\ud835\uddd8\ud835\udde5 \ud835\uddda\ud835\udde5\ud835\uddd4\ud835\udde7\ud835\udde8\ud835\udddc\ud835\udde7 \ud83d\udc8b<\/p>\n<p>Viens vibrer avec nos invit\u00e9\u00b7es fabuleux\u00b7ses :<\/p>\n<p>\u2728 \ud835\uddd4\ud835\udde1\ud835\udde1\ud835\uddd8-\ud835\udde0\ud835\uddd4\ud835\udde5\ud835\udddc\ud835\uddd8 \ud835\uddde\ud835\udde2\ud835\udde1\ud835\uddd7\ud835\udde2\ud835\udde0 \u2728<\/p>\n<p>La reine la plus hyperactive de Rennes ! Anne-Marie Kondom n\u2019est peut-\u00eatre pas la plus classe, mais elle est sans conteste l\u2019une des plus dr\u00f4les, et ce n\u2019est pas elle qui le dit, c\u2019est sa m\u00e8re ! Son brin de b\u00eatise, ses pets de cerveau, ses chansons humoristiques et ses playbacks d\u00e9cal\u00e9s font d\u2019elle une artiste unique, \u00e0 consommer sans mod\u00e9ration.<\/p>\n<p>\u2728 \ud835\udddf\ud835\uddd8\ud835\udde9\ud835\udde2 \ud835\uddd8\ud835\udde9\ud835\udde2 \ud835\udddf\ud835\udde2\ud835\udde9\ud835\uddd8 \u2728<\/p>\n<p>Levo Evo Love, un king \u00e0 l\u2019\u00e9nergie d\u00e9bordante, pr\u00eat \u00e0 enflammer la sc\u00e8ne ! Sensuel, charismatique et impr\u00e9visible, il m\u00e9lange puissance et interaction pour offrir un show inoubliable.<\/p>\n<p>\u2728 \ud835\udde0\ud835\udddc\ud835\udde5\ud835\udde2\ud835\udde6\ud835\udddf\ud835\uddd4\ud835\udde9 \ud835\udde7\ud835\udde2\ud835\udddc \ud835\udddf\ud835\uddd8\ud835\udde6 \ud835\udde0\ud835\uddd4\ud835\udddc\ud835\udde1\ud835\udde6 \u2728<\/p>\n<p>Tant\u00f4t Pierrot, tant\u00f4t Auguste, ce clown de drag king est si f\u00e9minin qu\u2019il en devient presque queen \u00e0 barbe\u2026 Venu du froid pour \u00e9taler son gras \u2014 et ses n\u00e9vroses \u2014, Miroslav arbore des costumes pleins de poils de chat et de taches de chocolat. Plut\u00f4t divan que diva, son nom est un vrai message de pr\u00e9vention : Miroslav Toi Les Mains !<\/p>\n<p>Pr\u00e9sent\u00e9\u00b7es par les iconiques :<\/p>\n<p>\ud83d\udc84 \ud835\uddd7\ud835\udde2\ud835\udde0\ud835\udddc\ud835\udde1\ud835\uddd4 \ud835\udde6\ud835\udddc\ud835\udde1 \ud83d\udc84<\/p>\n<p>Aristocrate kinky et impertinente, Domina Sin s\u2019est impos\u00e9e comme une figure incontournable des nuits nantaises. Entre rythmes techno et afters \u00e9lectrisants, elle se laisse guider par l\u2019\u00e9nergie de la f\u00eate. Elle entra\u00eene tout le monde dans son univers o\u00f9 la f\u00eate rime avec libert\u00e9 et bonne humeur. Alors, laissez-vous porter, oubliez l\u2019heure et dansez avec Domina Sin jusqu\u2019au petit matin !<\/p>\n<p>\ud83d\udc84 \ud835\udddf\ud835\uddd4 \ud835\udddd\ud835\udde8\ud835\udde9\ud835\udddc\ud835\udde1 \ud83d\udc84<\/p>\n<p>La Juvin \u00e9merge de la diversit\u00e9 et des ombres de la sc\u00e8ne underground pour d\u00e9fendre la libert\u00e9. Ses mouvements envo\u00fbtent et transportent le public au-del\u00e0 de la r\u00e9alit\u00e9. Elle brise les conventions, fusionnant la gr\u00e2ce du geste avec l\u2019\u00e9nergie brute des sons groove et \u00e9lectroniques.<\/p>\n<p>\ud83c\udfa7 After party jusqu\u2019\u00e0 2h, mix\u00e9e par \ud835\udddf\ud835\udde2\ud835\uddea\ud835\uddd5\ud835\uddd4\ud835\udde6\ud835\udde6 \ud83c\udfa7<\/p>\n<p>Lowbass est une Dj et productrice nantaise qui n\u2019est pas du genre \u00e0 rester calme. Fondatrice de Fr\u00e9n\u00e9sie, elle est \u00e9galement membre du collectif Soeurs Malsaines et Esprits Sauvages. Ne vous fiez surtout pas \u00e0 son nom, elle sait faire rapidement monter les BPM et la temp\u00e9rature !<\/p>\n<p>\ud83d\udd25 Et\u2026 le grand retour de la sc\u00e8ne ouverte !<br \/>Alors pr\u00e9pare ton num\u00e9ro (et ta moonneeyyyy \ud83d\udcb8 \u2014 CB accept\u00e9e)<\/p>\n<p>\ud83e\udea9 Bloque la date, ram\u00e8ne ta joie, et viens c\u00e9l\u00e9brer la queer energy avec nous ! \ud83e\udea9<\/p>\n<p>___________<\/p>\n<p>\ud83c\udf7a \ud835\uddd5\ud835\udddc\ud835\uddd8\u0300\ud835\udde5\ud835\uddd8\ud835\udde6 \ud835\uddd5\ud835\udde5\ud835\uddd4\ud835\udde6\ud835\udde6\ud835\uddd8\u0301\ud835\uddd8\ud835\udde6 \ud835\udde6\ud835\udde8\ud835\udde5 \ud835\udde3\ud835\udddf\ud835\uddd4\ud835\uddd6\ud835\uddd8, \ud835\udde5\ud835\uddd8\ud835\udde6\ud835\udde7\ud835\uddd4\ud835\udde8\ud835\udde5\ud835\uddd4\ud835\udde7\ud835\udddc\ud835\udde2\ud835\udde1 \ud835\udde7\ud835\udde2\ud835\udde3, \ud835\udde0\ud835\udde8\ud835\udde6\ud835\udddc\ud835\udde4\ud835\udde8\ud835\uddd8 \ud835\uddd8\ud835\udde7 \ud835\udde6\ud835\udde8\ud835\udde5\ud835\udde7\ud835\udde2\ud835\udde8\ud835\udde7\u2026 \ud835\uddd7\ud835\uddd4\ud835\udde1\ud835\udde6\ud835\uddd8 !!!<\/p>\n<p>\ud83d\udcb8 Gratuit<br \/>\ud83d\udccd Little Atlantique Brewery, 23 Bd de Chantenay, Nantes<br \/>\ud83d\udeb2 \u00c0 v\u00e9lo : stationnements disponibles<br \/>\ud83d\udee5 En bateau : Navibus jusqu\u2019\u00e0 00H (depuis le Hangar \u00e0 Bananes)<br \/>\ud83d\ude8c En bus : C1, C20, 81 &amp; 10<br \/>\ud83d\ude97 En voiture : Parking 220 places au bout de la rue<\/p>\n<p>\n\tSimilaire<\/p>\n","protected":false},"excerpt":{"rendered":"\ud83c\udf89 \ud835\udde6\ud835\udddb\ud835\udde2\ud835\uddea \ud835\udde0\ud835\uddd8 \ud835\udde0\ud835\uddec \ud835\uddd7\ud835\udde5\ud835\uddd4\ud835\uddda \ud83c\udf89 \ud83d\udcc6 Samedi 29 novembre\ud83d\udccd Little Atlantique Brewery\ud83d\udd57 20h30 \u2013 2h \ud83d\udc8b \ud835\udde6\ud835\udddb\ud835\udde2\ud835\uddea&hellip;\n","protected":false},"author":2,"featured_media":560111,"comment_status":"","ping_status":"","sticky":false,"template":"","format":"standard","meta":{"footnotes":""},"categories":[2818],"tags":[1111,11,1777,674,1011,27,766,12,2636,25],"class_list":{"0":"post-560110","1":"post","2":"type-post","3":"status-publish","4":"format-standard","5":"has-post-thumbnail","7":"category-nantes","8":"tag-actu","9":"tag-actualites","10":"tag-eu","11":"tag-europe","12":"tag-fr","13":"tag-france","14":"tag-nantes","15":"tag-news","16":"tag-pays-de-la-loire","17":"tag-republique-francaise"},"share_on_mastodon":{"url":"https:\/\/pubeurope.com\/@fr\/115616417373506112","error":""},"_links":{"self":[{"href":"https:\/\/www.europesays.com\/fr\/wp-json\/wp\/v2\/posts\/560110","targetHints":{"allow":["GET"]}}],"collection":[{"href":"https:\/\/www.europesays.com\/fr\/wp-json\/wp\/v2\/posts"}],"about":[{"href":"https:\/\/www.europesays.com\/fr\/wp-json\/wp\/v2\/types\/post"}],"author":[{"embeddable":true,"href":"https:\/\/www.europesays.com\/fr\/wp-json\/wp\/v2\/users\/2"}],"replies":[{"embeddable":true,"href":"https:\/\/www.europesays.com\/fr\/wp-json\/wp\/v2\/comments?post=560110"}],"version-history":[{"count":0,"href":"https:\/\/www.europesays.com\/fr\/wp-json\/wp\/v2\/posts\/560110\/revisions"}],"wp:featuredmedia":[{"embeddable":true,"href":"https:\/\/www.europesays.com\/fr\/wp-json\/wp\/v2\/media\/560111"}],"wp:attachment":[{"href":"https:\/\/www.europesays.com\/fr\/wp-json\/wp\/v2\/media?parent=560110"}],"wp:term":[{"taxonomy":"category","embeddable":true,"href":"https:\/\/www.europesays.com\/fr\/wp-json\/wp\/v2\/categories?post=560110"},{"taxonomy":"post_tag","embeddable":true,"href":"https:\/\/www.europesays.com\/fr\/wp-json\/wp\/v2\/tags?post=560110"}],"curies":[{"name":"wp","href":"https:\/\/api.w.org\/{rel}","templated":true}]}}