{"id":560112,"date":"2025-11-26T14:14:18","date_gmt":"2025-11-26T14:14:18","guid":{"rendered":"https:\/\/www.europesays.com\/fr\/560112\/"},"modified":"2025-11-26T14:14:18","modified_gmt":"2025-11-26T14:14:18","slug":"cloture-des-frangines-big-city-nantes","status":"publish","type":"post","link":"https:\/\/www.europesays.com\/fr\/560112\/","title":{"rendered":"Cl\u00f4ture des Frangines \u2013 Big City Nantes"},"content":{"rendered":"<p><img loading=\"lazy\" width=\"527\" height=\"395\" src=\"https:\/\/www.europesays.com\/fr\/wp-content\/uploads\/2025\/11\/584069339_1696186441596656_1614102207318641618_n-527x395.jpg\" class=\"attachment-csco-thumbnail-uncropped size-csco-thumbnail-uncropped wp-post-image\" alt=\"Les frangines\" decoding=\"async\"  \/>\t<img loading=\"lazy\" width=\"1044\" height=\"782\" src=\"https:\/\/www.europesays.com\/fr\/wp-content\/uploads\/2025\/11\/584069339_1696186441596656_1614102207318641618_n-1044x782.jpg\" class=\"attachment-csco-large-uncropped size-csco-large-uncropped wp-post-image\" alt=\"Les frangines\" decoding=\"async\"  \/>\t<\/p>\n<p>\nCr\u00e9dit : \u00a9 Les Frangines\t<\/p>\n<p>Parce que <strong>Les Frangines<\/strong> sans la frangine, \u00e7a n\u2019a pas de sens. Retrouve les pour <strong>un dernier verre<\/strong> le <strong>vendredi 5 d\u00e9cembre de 18h30 \u00e0 1h30<\/strong>\u2026<br \/>Une derni\u00e8re soir\u00e9e pour f\u00eater \u00e7a : trinquer, rire, se souvenir, et refermer cette belle histoire. Pour l\u2019occasion, David sera aux <strong>platines<\/strong> , pour te faire bouger sur le dance floor une derni\u00e8re fois !<\/p>\n<p>Le lieu sera reprit par une autre \u00e9quipe qui ouvrira fin janvier \/ debut f\u00e9vrier.<\/p>\n","protected":false},"excerpt":{"rendered":"Cr\u00e9dit : \u00a9 Les Frangines Parce que Les Frangines sans la frangine, \u00e7a n\u2019a pas de sens. Retrouve&hellip;\n","protected":false},"author":2,"featured_media":466404,"comment_status":"","ping_status":"","sticky":false,"template":"","format":"standard","meta":{"footnotes":""},"categories":[2818],"tags":[1111,11,1777,674,1011,27,766,12,2636,25],"class_list":{"0":"post-560112","1":"post","2":"type-post","3":"status-publish","4":"format-standard","5":"has-post-thumbnail","7":"category-nantes","8":"tag-actu","9":"tag-actualites","10":"tag-eu","11":"tag-europe","12":"tag-fr","13":"tag-france","14":"tag-nantes","15":"tag-news","16":"tag-pays-de-la-loire","17":"tag-republique-francaise"},"share_on_mastodon":{"url":"https:\/\/pubeurope.com\/@fr\/115616420960088379","error":""},"_links":{"self":[{"href":"https:\/\/www.europesays.com\/fr\/wp-json\/wp\/v2\/posts\/560112","targetHints":{"allow":["GET"]}}],"collection":[{"href":"https:\/\/www.europesays.com\/fr\/wp-json\/wp\/v2\/posts"}],"about":[{"href":"https:\/\/www.europesays.com\/fr\/wp-json\/wp\/v2\/types\/post"}],"author":[{"embeddable":true,"href":"https:\/\/www.europesays.com\/fr\/wp-json\/wp\/v2\/users\/2"}],"replies":[{"embeddable":true,"href":"https:\/\/www.europesays.com\/fr\/wp-json\/wp\/v2\/comments?post=560112"}],"version-history":[{"count":0,"href":"https:\/\/www.europesays.com\/fr\/wp-json\/wp\/v2\/posts\/560112\/revisions"}],"wp:featuredmedia":[{"embeddable":true,"href":"https:\/\/www.europesays.com\/fr\/wp-json\/wp\/v2\/media\/466404"}],"wp:attachment":[{"href":"https:\/\/www.europesays.com\/fr\/wp-json\/wp\/v2\/media?parent=560112"}],"wp:term":[{"taxonomy":"category","embeddable":true,"href":"https:\/\/www.europesays.com\/fr\/wp-json\/wp\/v2\/categories?post=560112"},{"taxonomy":"post_tag","embeddable":true,"href":"https:\/\/www.europesays.com\/fr\/wp-json\/wp\/v2\/tags?post=560112"}],"curies":[{"name":"wp","href":"https:\/\/api.w.org\/{rel}","templated":true}]}}