{"id":560113,"date":"2025-11-26T14:15:19","date_gmt":"2025-11-26T14:15:19","guid":{"rendered":"https:\/\/www.europesays.com\/fr\/560113\/"},"modified":"2025-11-26T14:15:19","modified_gmt":"2025-11-26T14:15:19","slug":"10-000-clients-pour-ikos-a-ginko-avant-le-village-en-2027","status":"publish","type":"post","link":"https:\/\/www.europesays.com\/fr\/560113\/","title":{"rendered":"10\u00a0000 clients pour \u00efkos \u00e0 Ginko, avant le Village en 2027"},"content":{"rendered":"<p>                                                <img decoding=\"async\" loading=\"lazy\" src=\"https:\/\/www.europesays.com\/fr\/wp-content\/uploads\/2025\/11\/ikosginko2025-scaled-e1764166295118-760x396-c-default.jpeg\"   width=\"760\" height=\"396\" alt=\"\u00efkos Bordeaux\" aria-describedby=\"caption-post-217793\"\/><\/p>\n<p id=\"caption-attachment-217793\" class=\"wp-caption-text\">La boutique \u00efkos a ouvert ses portes \u00e0 Ginko le 7 d\u00e9cembre 2024. \u00a9 \u00efkos<\/p>\n<p>\u00efkos, qui r\u00e9unit neuf structures issues de l\u2019\u00e9conomie sociale et solidaire \u00cfkos, a ouvert il y a un an une boutique dans le quartier Ginko \u00e0 Bordeaux. Un choix qui n\u2019\u00e9tait pas anodin, rappelle le collectif. \u00ab\u00a0Labellis\u00e9 \u00e9co-quartier, Ginko offrait \u00e0 \u00efkos un terrain d\u2019exp\u00e9rimentation id\u00e9al en vue de l\u2019ouverture \u00e0 deux pas de l\u00e0 du futur village du r\u00e9emploi en 2027.\u00a0\u00bb En un an, la boutique a accueilli plus de 10\u00a0000 clients. \u00ab\u00a0Un chiffre qui r\u00e9v\u00e8le un ancrage progressif dans un quartier en pleine mutation et confirme le potentiel du village\u00a0\u00bb, commente le collectif.<\/p>\n<p>La fr\u00e9quentation est toutefois l\u00e9g\u00e8rement en de\u00e7\u00e0 des attentes initiales. \u00ab\u00a0Cette r\u00e9alit\u00e9 refl\u00e8te les d\u00e9fis auxquels les acteurs du r\u00e9emploi font face aujourd\u2019hui\u00a0: la concurrence du neuf \u00e0 tr\u00e8s bas co\u00fbt, l\u2019essor des plateformes de seconde main en ligne et d\u2019une visibilit\u00e9 num\u00e9rique domin\u00e9e par les grandes plateformes\u00a0\u00bb, explique-t-il. Mais pas de quoi d\u00e9courager le collectif qui pr\u00e9pare la cr\u00e9ation du Village \u00efkos, un \u00e9cosyst\u00e8me de 12\u00a0000 m\u00b2 qui r\u00e9unira un centre de tri, une recyclerie cr\u00e9ative et une galerie marchande du r\u00e9emploi. En 2024, les neuf structures ont collect\u00e9 pr\u00e8s de 8\u00a0000 tonnes d\u2019objets dont 2\u00a0775 tonnes ont \u00e9t\u00e9 r\u00e9employ\u00e9es par une centaine de personnes en insertion.<\/p>\n","protected":false},"excerpt":{"rendered":"La boutique \u00efkos a ouvert ses portes \u00e0 Ginko le 7 d\u00e9cembre 2024. \u00a9 \u00efkos \u00efkos, qui r\u00e9unit&hellip;\n","protected":false},"author":2,"featured_media":560114,"comment_status":"","ping_status":"","sticky":false,"template":"","format":"standard","meta":{"footnotes":""},"categories":[2817],"tags":[1111,11,1997,1777,674,1011,27,12,2219,25],"class_list":{"0":"post-560113","1":"post","2":"type-post","3":"status-publish","4":"format-standard","5":"has-post-thumbnail","7":"category-bordeaux","8":"tag-actu","9":"tag-actualites","10":"tag-bordeaux","11":"tag-eu","12":"tag-europe","13":"tag-fr","14":"tag-france","15":"tag-news","16":"tag-nouvelle-aquitaine","17":"tag-republique-francaise"},"share_on_mastodon":{"url":"https:\/\/pubeurope.com\/@fr\/115616424236659985","error":""},"_links":{"self":[{"href":"https:\/\/www.europesays.com\/fr\/wp-json\/wp\/v2\/posts\/560113","targetHints":{"allow":["GET"]}}],"collection":[{"href":"https:\/\/www.europesays.com\/fr\/wp-json\/wp\/v2\/posts"}],"about":[{"href":"https:\/\/www.europesays.com\/fr\/wp-json\/wp\/v2\/types\/post"}],"author":[{"embeddable":true,"href":"https:\/\/www.europesays.com\/fr\/wp-json\/wp\/v2\/users\/2"}],"replies":[{"embeddable":true,"href":"https:\/\/www.europesays.com\/fr\/wp-json\/wp\/v2\/comments?post=560113"}],"version-history":[{"count":0,"href":"https:\/\/www.europesays.com\/fr\/wp-json\/wp\/v2\/posts\/560113\/revisions"}],"wp:featuredmedia":[{"embeddable":true,"href":"https:\/\/www.europesays.com\/fr\/wp-json\/wp\/v2\/media\/560114"}],"wp:attachment":[{"href":"https:\/\/www.europesays.com\/fr\/wp-json\/wp\/v2\/media?parent=560113"}],"wp:term":[{"taxonomy":"category","embeddable":true,"href":"https:\/\/www.europesays.com\/fr\/wp-json\/wp\/v2\/categories?post=560113"},{"taxonomy":"post_tag","embeddable":true,"href":"https:\/\/www.europesays.com\/fr\/wp-json\/wp\/v2\/tags?post=560113"}],"curies":[{"name":"wp","href":"https:\/\/api.w.org\/{rel}","templated":true}]}}