{"id":560115,"date":"2025-11-26T14:16:23","date_gmt":"2025-11-26T14:16:23","guid":{"rendered":"https:\/\/www.europesays.com\/fr\/560115\/"},"modified":"2025-11-26T14:16:23","modified_gmt":"2025-11-26T14:16:23","slug":"quels-centres-commerciaux-sont-ouverts-le-dimanche-a-bordeaux","status":"publish","type":"post","link":"https:\/\/www.europesays.com\/fr\/560115\/","title":{"rendered":"Quels centres commerciaux sont ouverts le dimanche \u00e0 Bordeaux ?"},"content":{"rendered":"<p>Si tu te demandes o\u00f9 faire ton shopping le dimanche \u00e0 Bordeaux en d\u00e9cembre, tu es au bon endroit. La p\u00e9riode des f\u00eates peut vite devenir un marathon, mais cette ann\u00e9e, plusieurs centres commerciaux t\u2019ouvrent leurs portes tous les dimanches, avec des horaires \u00e9largis pour que tu puisses fl\u00e2ner tranquillement, loin de la foule du samedi. Certains seront m\u00eame ouverts d\u00e8s le dimanche 30 novembre pour le Black Friday, histoire de lancer tes achats de No\u00ebl en avance.<\/p>\n<p>Au <strong><a href=\"https:\/\/bordeaux-lac.aushopping.com\/\" target=\"_blank\" rel=\"noreferrer noopener\">Bordeaux Lac<\/a><\/strong>, tu profites de plus de 115 boutiques ouvertes de 9h30 \u00e0 19h. Si tu cherches des bonnes affaires, les <strong>Quais des Marques \u2013 <a href=\"https:\/\/www.bord-eau-village.com\/\" target=\"_blank\" rel=\"noreferrer noopener\">Bordeaux Village<\/a><\/strong> t\u2019accueillent de 10h \u00e0 19h avec leurs enseignes \u00e0 prix r\u00e9duits. \u00c0 <strong><a href=\"https:\/\/merignac-soleil.klepierre.fr\/\" target=\"_blank\" rel=\"noreferrer noopener\">M\u00e9rignac Soleil<\/a><\/strong>, ouvert chaque dimanche avant No\u00ebl, tu trouveras un large choix de magasins en p\u00e9riph\u00e9rie, pratique si tu veux \u00e9viter le centre-ville.<\/p>\n<p><img fetchpriority=\"high\" decoding=\"async\" width=\"480\" height=\"241\" data-id=\"86892\" src=\"https:\/\/www.europesays.com\/fr\/wp-content\/uploads\/2025\/11\/image-248.png\" alt=\"\" class=\"wp-image-86892\"  \/>\u00a9Rives d\u2019Arcins <\/p>\n<p><img loading=\"lazy\" decoding=\"async\" width=\"1024\" height=\"811\" data-id=\"86891\" src=\"https:\/\/www.europesays.com\/fr\/wp-content\/uploads\/2025\/11\/image-247.png\" alt=\"\" class=\"wp-image-86891\"  \/>\u00a9Aushopping <\/p>\n<p>Pour une ambiance plus calme, le <strong><a href=\"https:\/\/www.grand-tour.com\/\" target=\"_blank\" rel=\"noreferrer noopener\">Grand Tour<\/a> Sainte-Eulalie<\/strong> t\u2019ouvre ses portes tous les dimanches de 10h \u00e0 19h. Les <strong><a href=\"https:\/\/rives-d-arcins.klepierre.fr\/\" target=\"_blank\" rel=\"noreferrer noopener\">Rives d\u2019Arcins<\/a><\/strong>, \u00e0 B\u00e8gles, te proposent une atmosph\u00e8re familiale, avec l\u00e0 encore une ouverture d\u00e8s le 30 novembre. En plein c\u0153ur de Bordeaux, le <strong>centre commercial <\/strong><a href=\"https:\/\/www.meriadeck.com\/\" target=\"_blank\" rel=\"noreferrer noopener\"><strong>M\u00e9riadeck<\/strong> <\/a>reste une valeur s\u00fbre avec ses boutiques ouvertes de 11h \u00e0 18h les 7, 14, 21 d\u00e9cembre et le 30 novembre. Et si tu pr\u00e9f\u00e8res une balade urbaine, la <strong><a href=\"https:\/\/www.promenade-sainte-catherine.com\/\" target=\"_blank\" rel=\"noreferrer noopener\">Promenade Sainte-Catherine<\/a><\/strong> t\u2019accueille tous les dimanches de 11h \u00e0 19h.<\/p>\n<p><img loading=\"lazy\" decoding=\"async\" width=\"1024\" height=\"676\" src=\"https:\/\/www.europesays.com\/fr\/wp-content\/uploads\/2025\/11\/image-246.png\" alt=\"\" class=\"wp-image-86890\" style=\"width:650px;height:auto\"  \/>Ambiance festive et d\u00e9tente le dimanche, avec animations ; attention aux fermetures des 25 d\u00e9cembre et 1er janvier. \u00a9Guide Bordeaux Gironde <\/p>\n<p>Faire ton shopping le dimanche, c\u2019est profiter d\u2019une ambiance plus d\u00e9tendue, de d\u00e9corations festives, et parfois m\u00eame des animations pour les enfants, comme la venue du P\u00e8re No\u00ebl \u00e0 Bordeaux Lac. Avant de partir, pense que les 25 d\u00e9cembre et 1er janvier seront ferm\u00e9s, et que les 24 et 31 proposeront des horaires adapt\u00e9s.<\/p>\n<p>Alors, pr\u00eat \u00e0 faire tes emplettes sans stress ?<\/p>\n<p>\u00c0 lire aussi : <a href=\"https:\/\/www.bougerabordeaux.com\/sorties\/loisirs\/a-bordeaux-la-culture-accessible-pour-toutes-et-tous-debut-decembre\/\" target=\"_blank\" rel=\"noreferrer noopener\">\u00c0 Bordeaux, la culture accessible pour toutes et tous d\u00e9but d\u00e9cembre<\/a><\/p>\n","protected":false},"excerpt":{"rendered":"Si tu te demandes o\u00f9 faire ton shopping le dimanche \u00e0 Bordeaux en d\u00e9cembre, tu es au bon&hellip;\n","protected":false},"author":2,"featured_media":560116,"comment_status":"","ping_status":"","sticky":false,"template":"","format":"standard","meta":{"footnotes":""},"categories":[2817],"tags":[1111,11,1997,1777,674,1011,27,12,2219,25],"class_list":{"0":"post-560115","1":"post","2":"type-post","3":"status-publish","4":"format-standard","5":"has-post-thumbnail","7":"category-bordeaux","8":"tag-actu","9":"tag-actualites","10":"tag-bordeaux","11":"tag-eu","12":"tag-europe","13":"tag-fr","14":"tag-france","15":"tag-news","16":"tag-nouvelle-aquitaine","17":"tag-republique-francaise"},"share_on_mastodon":{"url":"https:\/\/pubeurope.com\/@fr\/115616428998787976","error":""},"_links":{"self":[{"href":"https:\/\/www.europesays.com\/fr\/wp-json\/wp\/v2\/posts\/560115","targetHints":{"allow":["GET"]}}],"collection":[{"href":"https:\/\/www.europesays.com\/fr\/wp-json\/wp\/v2\/posts"}],"about":[{"href":"https:\/\/www.europesays.com\/fr\/wp-json\/wp\/v2\/types\/post"}],"author":[{"embeddable":true,"href":"https:\/\/www.europesays.com\/fr\/wp-json\/wp\/v2\/users\/2"}],"replies":[{"embeddable":true,"href":"https:\/\/www.europesays.com\/fr\/wp-json\/wp\/v2\/comments?post=560115"}],"version-history":[{"count":0,"href":"https:\/\/www.europesays.com\/fr\/wp-json\/wp\/v2\/posts\/560115\/revisions"}],"wp:featuredmedia":[{"embeddable":true,"href":"https:\/\/www.europesays.com\/fr\/wp-json\/wp\/v2\/media\/560116"}],"wp:attachment":[{"href":"https:\/\/www.europesays.com\/fr\/wp-json\/wp\/v2\/media?parent=560115"}],"wp:term":[{"taxonomy":"category","embeddable":true,"href":"https:\/\/www.europesays.com\/fr\/wp-json\/wp\/v2\/categories?post=560115"},{"taxonomy":"post_tag","embeddable":true,"href":"https:\/\/www.europesays.com\/fr\/wp-json\/wp\/v2\/tags?post=560115"}],"curies":[{"name":"wp","href":"https:\/\/api.w.org\/{rel}","templated":true}]}}