{"id":560122,"date":"2025-11-26T14:20:17","date_gmt":"2025-11-26T14:20:17","guid":{"rendered":"https:\/\/www.europesays.com\/fr\/560122\/"},"modified":"2025-11-26T14:20:17","modified_gmt":"2025-11-26T14:20:17","slug":"lille-paris-fc-4-2-la-direction-de-larbitrage-reconnait-une-erreur-sur-le-second-penalty-accorde-contre-le-pfc","status":"publish","type":"post","link":"https:\/\/www.europesays.com\/fr\/560122\/","title":{"rendered":"Lille-Paris FC\u00a0(4-2) : la direction de l\u2019arbitrage reconna\u00eet une erreur sur le second p\u00e9nalty accord\u00e9 contre le PFC"},"content":{"rendered":"<p class=\"paragraph text_align_left lp-f-body-02\">Les Parisiens pourront se consoler en se disant que le mal \u00e9tait fait. Alors qu\u2019il \u00e9tait men\u00e9 par Lille ce dimanche \u00e0 Villeneuve-d\u2019Ascq, le <a href=\"https:\/\/www.leparisien.fr\/sports\/football\/paris-fc\/\" target=\"_self\" rel=\"noopener\">Paris FC<\/a> s\u2019est finalement <a href=\"https:\/\/www.leparisien.fr\/sports\/football\/ligue-1\/lille-paris-fc-2-4-face-a-un-olivier-giroud-retrouve-les-parisiens-assommes-par-les-lillois-23-11-2025-2KD326SKFRCRXHSGAG6IXOY35Y.php\" target=\"_self\" rel=\"noopener\">inclin\u00e9 par deux buts d\u2019\u00e9cart (4-2)<\/a> \u00e0 la suite d\u2019un p\u00e9nalty intervenu dans le temps additionnel et transform\u00e9 par Marius Broholm (90e + 6) lors de la 13e journ\u00e9e de <a href=\"https:\/\/www.leparisien.fr\/sports\/football\/ligue-1\/\" target=\"_self\" rel=\"noopener\">Ligue 1<\/a>.<\/p>\n<p class=\"paragraph text_align_left lp-f-body-02\">Mais ce mercredi, la direction de l\u2019arbitrage de la F\u00e9d\u00e9ration fran\u00e7aise de <a href=\"https:\/\/www.leparisien.fr\/sports\/football\/\" target=\"_blank\" rel=\"noreferrer noopener\">football <\/a>(FFF) a indiqu\u00e9 que l\u2019arbitre de la partie et la VAR n\u2019avaient pas tranch\u00e9 de la bonne fa\u00e7on \u00e0 l\u2019instant d\u2019accorder ce second p\u00e9nalty aux Lillois. <a href=\"https:\/\/www.fff.fr\/article\/15821-arbitrage-le-debrief-de-la-j13.html\" target=\"_self\" rel=\"noopener\">Via son d\u00e9brief hebdomadaire<\/a>, elle a reconnu une erreur de Beno\u00eet Millot et de ses assistants, qui avaient choisi de sanctionner une main de Timoth\u00e9e Kolodziejczak.<\/p>\n<p>Pas d\u2019\u00ab augmentation artificielle \u00bb<\/p>\n<p class=\"paragraph text_align_left lp-f-body-02\">La direction de l\u2019arbitrage d\u00e9crit ainsi l\u2019action : \u00ab le contact entre le ballon et le d\u00e9fenseur dans la surface de r\u00e9paration s\u2019effectue sur le flanc et le coude du bras gauche repli\u00e9, tr\u00e8s proche du corps, sans contact additionnel avec l\u2019autre bras \u00bb. Pour elle, \u00ab cette position ne correspond pas \u00e0 une augmentation artificielle de la surface couverte par le corps du d\u00e9fenseur \u00bb.<\/p>\n<p class=\"paragraph text_align_left lp-f-body-02\">La d\u00e9cision de p\u00e9nalty \u00e9tait alors incorrecte et l\u2019organe de la FFF a ajout\u00e9 qu\u2019un visionnage de l\u2019action en bord du terrain aurait d\u00fb \u00eatre propos\u00e9 \u00e0 Beno\u00eet Millot afin qu\u2019il puisse corriger sa sanction.<\/p>\n","protected":false},"excerpt":{"rendered":"Les Parisiens pourront se consoler en se disant que le mal \u00e9tait fait. Alors qu\u2019il \u00e9tait men\u00e9 par&hellip;\n","protected":false},"author":2,"featured_media":560123,"comment_status":"","ping_status":"","sticky":false,"template":"","format":"standard","meta":{"footnotes":""},"categories":[2815],"tags":[1111,11,1777,674,63,1011,27,811,66,1307,12,25,60],"class_list":{"0":"post-560122","1":"post","2":"type-post","3":"status-publish","4":"format-standard","5":"has-post-thumbnail","7":"category-lille","8":"tag-actu","9":"tag-actualites","10":"tag-eu","11":"tag-europe","12":"tag-football","13":"tag-fr","14":"tag-france","15":"tag-hauts-de-france","16":"tag-ligue-1","17":"tag-lille","18":"tag-news","19":"tag-republique-francaise","20":"tag-sports"},"share_on_mastodon":{"url":"https:\/\/pubeurope.com\/@fr\/115616443675616190","error":""},"_links":{"self":[{"href":"https:\/\/www.europesays.com\/fr\/wp-json\/wp\/v2\/posts\/560122","targetHints":{"allow":["GET"]}}],"collection":[{"href":"https:\/\/www.europesays.com\/fr\/wp-json\/wp\/v2\/posts"}],"about":[{"href":"https:\/\/www.europesays.com\/fr\/wp-json\/wp\/v2\/types\/post"}],"author":[{"embeddable":true,"href":"https:\/\/www.europesays.com\/fr\/wp-json\/wp\/v2\/users\/2"}],"replies":[{"embeddable":true,"href":"https:\/\/www.europesays.com\/fr\/wp-json\/wp\/v2\/comments?post=560122"}],"version-history":[{"count":0,"href":"https:\/\/www.europesays.com\/fr\/wp-json\/wp\/v2\/posts\/560122\/revisions"}],"wp:featuredmedia":[{"embeddable":true,"href":"https:\/\/www.europesays.com\/fr\/wp-json\/wp\/v2\/media\/560123"}],"wp:attachment":[{"href":"https:\/\/www.europesays.com\/fr\/wp-json\/wp\/v2\/media?parent=560122"}],"wp:term":[{"taxonomy":"category","embeddable":true,"href":"https:\/\/www.europesays.com\/fr\/wp-json\/wp\/v2\/categories?post=560122"},{"taxonomy":"post_tag","embeddable":true,"href":"https:\/\/www.europesays.com\/fr\/wp-json\/wp\/v2\/tags?post=560122"}],"curies":[{"name":"wp","href":"https:\/\/api.w.org\/{rel}","templated":true}]}}