{"id":560128,"date":"2025-11-26T14:23:17","date_gmt":"2025-11-26T14:23:17","guid":{"rendered":"https:\/\/www.europesays.com\/fr\/560128\/"},"modified":"2025-11-26T14:23:17","modified_gmt":"2025-11-26T14:23:17","slug":"livraisons-par-drone-dans-une-prison-pres-de-lyon-quatre-suspects-interpelles","status":"publish","type":"post","link":"https:\/\/www.europesays.com\/fr\/560128\/","title":{"rendered":"Livraisons par drone dans une prison pr\u00e8s de Lyon : quatre suspects interpell\u00e9s"},"content":{"rendered":"<p itemprop=\"description\"><strong>Le mirador a tout vu.<\/strong><\/p>\n<p>Les gendarmes de La Verpilli\u00e8re ont interpell\u00e9 quatre individus, tous originaires du Rh\u00f4ne, apr\u00e8s une s\u00e9rie de livraisons clandestines r\u00e9alis\u00e9es par drone dans la nuit du lundi 24 au mardi 25 novembre au centre p\u00e9nitentiaire de Saint-Quentin-Fallavier (Is\u00e8re).<\/p>\n<p>Peu avant 2 heures du matin, le personnel post\u00e9 au mirador rep\u00e8re la trajectoire d\u2019un drone multipliant les allers-retours au-dessus de la d\u00e9tention. L\u2019alerte est imm\u00e9diatement donn\u00e9e et les militaires convergent vers le site.<\/p>\n<p>\u00c0 leur arriv\u00e9e, un premier suspect est arr\u00eat\u00e9, porteur du drone et d\u2019un t\u00e9l\u00e9phone portable. Trois autres prennent la fuite, mais sont identifi\u00e9s rapidement au fil des investigations. Ils seront tous arr\u00eat\u00e9s dans la journ\u00e9e, toujours dans le Rh\u00f4ne, pr\u00e9cise le Progr\u00e8s.\u00a0<\/p>\n<p>Les perquisitions men\u00e9es ensuite n\u2019ont pas permis de mettre la main sur d\u2019\u00e9ventuelles marchandises. Les enqu\u00eateurs cherchent d\u00e9sormais \u00e0 d\u00e9terminer le contenu des livraisons ainsi que les d\u00e9tenus susceptibles d\u2019en avoir b\u00e9n\u00e9fici\u00e9.<\/p>\n<p>Les quatre suspects ont \u00e9t\u00e9 plac\u00e9 en garde \u00e0 vue.<\/p>\n","protected":false},"excerpt":{"rendered":"Le mirador a tout vu. Les gendarmes de La Verpilli\u00e8re ont interpell\u00e9 quatre individus, tous originaires du Rh\u00f4ne,&hellip;\n","protected":false},"author":2,"featured_media":560129,"comment_status":"","ping_status":"","sticky":false,"template":"","format":"standard","meta":{"footnotes":""},"categories":[1889],"tags":[1111,11,2813,2190,2430,1109,251,1112,2811,1777,674,118,1011,27,1922,1110,1114,2428,2810,12,241,316,25,2812,517,800],"class_list":{"0":"post-560128","1":"post","2":"type-post","3":"status-publish","4":"format-standard","5":"has-post-thumbnail","7":"category-lyon","8":"tag-actu","9":"tag-actualites","10":"tag-article","11":"tag-asvel","12":"tag-auvergne-rhone-alpes","13":"tag-breves","14":"tag-culture","15":"tag-depeches","16":"tag-economique","17":"tag-eu","18":"tag-europe","19":"tag-faits-divers","20":"tag-fr","21":"tag-france","22":"tag-info","23":"tag-informations","24":"tag-infos","25":"tag-lyon","26":"tag-lyonmag","27":"tag-news","28":"tag-ol","29":"tag-politique","30":"tag-republique-francaise","31":"tag-sociale","32":"tag-sport","33":"tag-transports"},"share_on_mastodon":{"url":"https:\/\/pubeurope.com\/@fr\/115616455390740486","error":""},"_links":{"self":[{"href":"https:\/\/www.europesays.com\/fr\/wp-json\/wp\/v2\/posts\/560128","targetHints":{"allow":["GET"]}}],"collection":[{"href":"https:\/\/www.europesays.com\/fr\/wp-json\/wp\/v2\/posts"}],"about":[{"href":"https:\/\/www.europesays.com\/fr\/wp-json\/wp\/v2\/types\/post"}],"author":[{"embeddable":true,"href":"https:\/\/www.europesays.com\/fr\/wp-json\/wp\/v2\/users\/2"}],"replies":[{"embeddable":true,"href":"https:\/\/www.europesays.com\/fr\/wp-json\/wp\/v2\/comments?post=560128"}],"version-history":[{"count":0,"href":"https:\/\/www.europesays.com\/fr\/wp-json\/wp\/v2\/posts\/560128\/revisions"}],"wp:featuredmedia":[{"embeddable":true,"href":"https:\/\/www.europesays.com\/fr\/wp-json\/wp\/v2\/media\/560129"}],"wp:attachment":[{"href":"https:\/\/www.europesays.com\/fr\/wp-json\/wp\/v2\/media?parent=560128"}],"wp:term":[{"taxonomy":"category","embeddable":true,"href":"https:\/\/www.europesays.com\/fr\/wp-json\/wp\/v2\/categories?post=560128"},{"taxonomy":"post_tag","embeddable":true,"href":"https:\/\/www.europesays.com\/fr\/wp-json\/wp\/v2\/tags?post=560128"}],"curies":[{"name":"wp","href":"https:\/\/api.w.org\/{rel}","templated":true}]}}