{"id":560132,"date":"2025-11-26T14:26:23","date_gmt":"2025-11-26T14:26:23","guid":{"rendered":"https:\/\/www.europesays.com\/fr\/560132\/"},"modified":"2025-11-26T14:26:23","modified_gmt":"2025-11-26T14:26:23","slug":"la-region-ile-de-france-lance-38-milliards-deuros-de-travaux-lan-prochain-de-quoi-entrainer-dimportantes-perturbations-sur-lannee-2026","status":"publish","type":"post","link":"https:\/\/www.europesays.com\/fr\/560132\/","title":{"rendered":"la r\u00e9gion Ile-de-France lance 3,8 milliards d&rsquo;euros de travaux l&rsquo;an prochain, de quoi entra\u00eener d&rsquo;importantes perturbations sur l&rsquo;ann\u00e9e 2026"},"content":{"rendered":"<p>\u00ab\u00a0Ce montant r\u00e9pond \u00e0 de grands enjeux de mobilit\u00e9 qui vont changer la quotidien et le confort de voyage des Franciliens\u00a0\u00bb, assure Ile-de-France Mobilit\u00e9s, l&rsquo;autorit\u00e9 organisatrice des transports publics dans la r\u00e9gion.<\/p>\n<p>L&rsquo;ann\u00e9e 2026 s&rsquo;annonce d&rsquo;ores et d\u00e9j\u00e0 difficile pour les millions d&rsquo;utilisateurs des m\u00e9tros, RER et trains franciliens. Ile-de-France Mobilit\u00e9s, l&rsquo;autorit\u00e9 organisatrice des transports publics dans la r\u00e9gion va mener de tr\u00e8s importants travaux sur les infrastructures du r\u00e9seau pour un montant global de 3,8 milliards d&rsquo;euros.<\/p>\n<p>Et pr\u00e9vient d&rsquo;ores et d\u00e9j\u00e0: \u00ab\u00a0ces travaux n\u00e9cessiteront des interruptions importantes de circulation au cours de l&rsquo;\u00e9t\u00e9 2026, qui sera marqu\u00e9 par des chantiers majeurs\u00a0\u00bb. \u00ab\u00a0L\u2019objectif est de r\u00e9g\u00e9n\u00e9rer et de d\u00e9velopper le r\u00e9seau, afin d\u2019assurer sa modernisation \u00e0 horizon 2030\u00a0\u00bb.<\/p>\n<p>Sur ces presque 4 milliards d&rsquo;euros, 2 milliards seront allou\u00e9s \u00e0 SNCF R\u00e9seau, dont plus de 800 millions consacr\u00e9s uniquement \u00e0 la r\u00e9g\u00e9n\u00e9ration du r\u00e9seau sur 2026, 1,4 milliard d\u2019euros seront consacr\u00e9s \u00e0 la r\u00e9g\u00e9n\u00e9ration du r\u00e9seau exploit\u00e9 par la RATP et 1,8 milliard d\u2019euros seront investis par la R\u00e9gion \u00cele-de-France entre 2023 et 2027 (soit 360 millions d\u2019euros par an en moyenne).<\/p>\n<p>Pr\u00e9parer l&rsquo;arriv\u00e9e des nouveaux m\u00e9tros<\/p>\n<p>Concr\u00e8tement, il s&rsquo;agit d&rsquo;anticiper et pr\u00e9parer l\u2019arriv\u00e9e du m\u00e9tro Nouvelle G\u00e9n\u00e9ration, notamment sur les lignes 8 et 13, moderniser les lignes 4 et 12 et leurs infrastructures, et pr\u00e9parer l\u2019automatisation de la ligne 13. Ou encore de poursuivre la modernisation du r\u00e9seau RER, pr\u00e9parer l\u2019arriv\u00e9e de nouveaux mat\u00e9riels roulants, du futur outil d\u2019exploitation pour am\u00e9liorer les performances des RER B et D, poursuivre le rajeunissement du r\u00e9seau ferr\u00e9 Francilien (infrastructures et postes d&rsquo;aiguillages) et pr\u00e9parer l\u2019arriv\u00e9e des futures lignes de m\u00e9tros 15, 16, 17 et 18.<\/p>\n<p>Dans le m\u00e9tro parisien, les travaux concerneront les lignes 4, 12 et 13 qui conna\u00eetront des fermetures partielles d\u00e8s janvier prochain pour s&rsquo;\u00e9taler jusqu&rsquo;\u00e0 fin ao\u00fbt. \u00ab\u00a0Pour chaque interruption, un plan de transport alternatif sera propos\u00e9 aux voyageurs\u00a0\u00bb, assure l&rsquo;autorit\u00e9 organisatrice.<\/p>\n<p>Les fermetures s&rsquo;intensifieront pendant l&rsquo;\u00e9t\u00e9 2026, comme le r\u00e9sume l&rsquo;infographie ci-dessous.<\/p>\n<p><img decoding=\"async\" loading=\"lazy\" width=\"973\" height=\"486\" src=\"https:\/\/www.europesays.com\/fr\/wp-content\/uploads\/2025\/11\/Calendrier-des-travaux-dans-le-metro-parisien-en-2026-2189877.jpg\"  alt=\"Calendrier des travaux dans le m\u00e9tro parisien en 2026\" title=\"Calendrier des travaux dans le m\u00e9tro parisien en 2026\"\/>Calendrier des travaux dans le m\u00e9tro parisien en 2026 \u00a9 IDFM<\/p>\n<p>Du c\u00f4t\u00e9 du RER, ce sont les RER A, B, C et D qui seront concern\u00e9s avec des travaux qui d\u00e9buteront en avril. Par ailleurs, des travaux seront men\u00e9s sur les infrastructures des Transiliens K, H, N, U, P et R.<\/p>\n<p><img decoding=\"async\" loading=\"lazy\" width=\"968\" height=\"503\" src=\"https:\/\/www.europesays.com\/fr\/wp-content\/uploads\/2025\/11\/Calendrier-des-travaux-dans-le-RER-en-2026-2189880.jpg\"  alt=\"Calendrier des travaux dans le RER en 2026\" title=\"Calendrier des travaux dans le RER en 2026\"\/>Calendrier des travaux dans le RER en 2026 \u00a9 IDFM<\/p>\n<p>Partager <\/p>\n","protected":false},"excerpt":{"rendered":"\u00ab\u00a0Ce montant r\u00e9pond \u00e0 de grands enjeux de mobilit\u00e9 qui vont changer la quotidien et le confort de&hellip;\n","protected":false},"author":2,"featured_media":560133,"comment_status":"","ping_status":"","sticky":false,"template":"","format":"standard","meta":{"footnotes":""},"categories":[1592],"tags":[1111,11,1777,674,1011,27,662,12,626,25],"class_list":{"0":"post-560132","1":"post","2":"type-post","3":"status-publish","4":"format-standard","5":"has-post-thumbnail","7":"category-ile-de-france","8":"tag-actu","9":"tag-actualites","10":"tag-eu","11":"tag-europe","12":"tag-fr","13":"tag-france","14":"tag-ile-de-france","15":"tag-news","16":"tag-paris","17":"tag-republique-francaise"},"share_on_mastodon":{"url":"https:\/\/pubeurope.com\/@fr\/115616468879175881","error":""},"_links":{"self":[{"href":"https:\/\/www.europesays.com\/fr\/wp-json\/wp\/v2\/posts\/560132","targetHints":{"allow":["GET"]}}],"collection":[{"href":"https:\/\/www.europesays.com\/fr\/wp-json\/wp\/v2\/posts"}],"about":[{"href":"https:\/\/www.europesays.com\/fr\/wp-json\/wp\/v2\/types\/post"}],"author":[{"embeddable":true,"href":"https:\/\/www.europesays.com\/fr\/wp-json\/wp\/v2\/users\/2"}],"replies":[{"embeddable":true,"href":"https:\/\/www.europesays.com\/fr\/wp-json\/wp\/v2\/comments?post=560132"}],"version-history":[{"count":0,"href":"https:\/\/www.europesays.com\/fr\/wp-json\/wp\/v2\/posts\/560132\/revisions"}],"wp:featuredmedia":[{"embeddable":true,"href":"https:\/\/www.europesays.com\/fr\/wp-json\/wp\/v2\/media\/560133"}],"wp:attachment":[{"href":"https:\/\/www.europesays.com\/fr\/wp-json\/wp\/v2\/media?parent=560132"}],"wp:term":[{"taxonomy":"category","embeddable":true,"href":"https:\/\/www.europesays.com\/fr\/wp-json\/wp\/v2\/categories?post=560132"},{"taxonomy":"post_tag","embeddable":true,"href":"https:\/\/www.europesays.com\/fr\/wp-json\/wp\/v2\/tags?post=560132"}],"curies":[{"name":"wp","href":"https:\/\/api.w.org\/{rel}","templated":true}]}}